{"id":18184,"date":"2016-03-23T16:37:27","date_gmt":"2016-03-23T16:37:27","guid":{"rendered":"https:\/\/fondlakeshore.wpengine.com\/nouvelle-nomination-a-la-fondation-de-lhopital-general-du-lakeshore\/"},"modified":"2022-11-16T16:59:34","modified_gmt":"2022-11-16T16:59:34","slug":"nouvelle-nomination-a-la-fondation-de-lhopital-general-du-lakeshore","status":"publish","type":"post","link":"https:\/\/fondationlakeshore.ca\/fr\/nouvelle-nomination-a-la-fondation-de-lhopital-general-du-lakeshore\/","title":{"rendered":"Nouvelle nomination \u00e0 la Fondation de l\u2019H\u00f4pital g\u00e9n\u00e9ral du Lakeshore"},"content":{"rendered":"[vc_row type=\u00a0\u00bbin_container\u00a0\u00bb full_screen_row_position=\u00a0\u00bbmiddle\u00a0\u00bb column_margin=\u00a0\u00bbdefault\u00a0\u00bb column_direction=\u00a0\u00bbdefault\u00a0\u00bb column_direction_tablet=\u00a0\u00bbdefault\u00a0\u00bb column_direction_phone=\u00a0\u00bbdefault\u00a0\u00bb scene_position=\u00a0\u00bbcenter\u00a0\u00bb text_color=\u00a0\u00bbdark\u00a0\u00bb text_align=\u00a0\u00bbleft\u00a0\u00bb row_border_radius=\u00a0\u00bbnone\u00a0\u00bb row_border_radius_applies=\u00a0\u00bbbg\u00a0\u00bb overflow=\u00a0\u00bbvisible\u00a0\u00bb overlay_strength=\u00a0\u00bb0.3&Prime; gradient_direction=\u00a0\u00bbleft_to_right\u00a0\u00bb shape_divider_position=\u00a0\u00bbbottom\u00a0\u00bb bg_image_animation=\u00a0\u00bbnone\u00a0\u00bb][vc_column column_padding=\u00a0\u00bbno-extra-padding\u00a0\u00bb column_padding_tablet=\u00a0\u00bbinherit\u00a0\u00bb column_padding_phone=\u00a0\u00bbinherit\u00a0\u00bb column_padding_position=\u00a0\u00bball\u00a0\u00bb column_element_spacing=\u00a0\u00bbdefault\u00a0\u00bb background_color_opacity=\u00a0\u00bb1&Prime; background_hover_color_opacity=\u00a0\u00bb1&Prime; column_shadow=\u00a0\u00bbnone\u00a0\u00bb column_border_radius=\u00a0\u00bbnone\u00a0\u00bb column_link_target=\u00a0\u00bb_self\u00a0\u00bb column_position=\u00a0\u00bbdefault\u00a0\u00bb gradient_direction=\u00a0\u00bbleft_to_right\u00a0\u00bb overlay_strength=\u00a0\u00bb0.3&Prime; width=\u00a0\u00bb1\/1&Prime; tablet_width_inherit=\u00a0\u00bbdefault\u00a0\u00bb tablet_text_alignment=\u00a0\u00bbdefault\u00a0\u00bb phone_text_alignment=\u00a0\u00bbdefault\u00a0\u00bb animation_type=\u00a0\u00bbdefault\u00a0\u00bb bg_image_animation=\u00a0\u00bbnone\u00a0\u00bb border_type=\u00a0\u00bbsimple\u00a0\u00bb column_border_width=\u00a0\u00bbnone\u00a0\u00bb column_border_style=\u00a0\u00bbsolid\u00a0\u00bb][vc_column_text]\n<p style=\"text-align: left;\"><strong><br \/>\n<a href=\"https:\/\/fondationlakeshore.ca\/wp-content\/uploads\/2016\/03\/Beno%C3%AEt_Guillemette_300X300.png\"><img loading=\"lazy\" decoding=\"async\" class=\" size-full wp-image-5926 alignleft\" src=\"https:\/\/fondationlakeshore.ca\/wp-content\/uploads\/2016\/03\/Beno%C3%AEt_Guillemette_300X300.png\" alt=\"Beno\u00eet_Guillemette_300X300\" width=\"300\" height=\"300\" \/><\/a><\/strong><\/p>\n<p><strong>Pointe-Claire (Qu\u00e9bec)\u00a0<b>\u2013\u00a0<\/b>Le 22 mars 2016<\/strong>\u00a0<strong><b>\u2013<\/b><\/strong>\u00a0La directrice g\u00e9n\u00e9rale de la Fondation de l\u2019H\u00f4pital g\u00e9n\u00e9ral du Lakeshore (FHGL), Madame Heather Holmes, est heureuse d\u2019annoncer la nomination de Benoit Guillemette en tant que directeur du d\u00e9veloppement. L\u2019entr\u00e9e en fonction de Monsieur Guillemette est en date du 14 mars 2016.<\/p>\n<p>Monsieur Guillemette a plus de 20 ans d\u2019exp\u00e9rience en d\u00e9veloppement des affaires au sein d\u2019entreprises de renomm\u00e9e internationale, telles que HMB Gespro, New Balance, Gusti, Nike et Bauer. Sa grande qualit\u00e9 entrepreneuriale combin\u00e9e \u00e0 son vaste r\u00e9seau de contacts dans diverses industries profitera au plan de croissance de la Fondation. Son expertise en ventes et marketing jumel\u00e9e \u00e0 sa polyvalence contribuera \u00e0 porter la FHGL vers de nouveaux sommets.<\/p>\n<p>\u00ab C\u2019est une p\u00e9riode particuli\u00e8rement effervescente pour la Fondation.\u00a0 Nous avons mis sur pied un plan strat\u00e9gique quinquennal avec des objectifs r\u00e9alistes et r\u00e9alisables et nous avons consolid\u00e9 l\u2019\u00e9quipe dans la derni\u00e8re ann\u00e9e. Je suis d\u2019autant plus ravie, car avec l\u2019arriv\u00e9e de monsieur Guillemette au sein d\u2019une \u00e9quipe performante, nous avons maintenant tous les atouts n\u00e9cessaires pour la poursuite de notre mission. La Fondation veille \u00e0 assurer une meilleure qualit\u00e9 de vie aux patients de l\u2019H\u00f4pital g\u00e9n\u00e9ral du Lakeshore en leur procurant les meilleurs \u00e9quipements et installations possible \u00bb, indique Heather Holmes.<\/p>\n<p>\u00ab Je suis tr\u00e8s heureux de me joindre \u00e0 l\u2019\u00e9quipe dynamique de la FHGL et j\u2019ai bon espoir que ma capacit\u00e9 \u00e0 d\u00e9velopper des partenariats fond\u00e9s sur la confiance et la r\u00e9ussite mutuelles me permettra de contribuer \u00e0 son essor \u00bb, ajoute Benoit Guillemette, directeur du d\u00e9veloppement de la FHGL.<\/p>\n<p><strong><br \/>\n\u00c0 propos de la FHGL<br \/>\n<\/strong>Fond\u00e9e en 1964, la Fondation a pour objectif de recueillir les fonds n\u00e9cessaires \u00e0 l\u2019am\u00e9lioration des soins \u00e0 l\u2019H\u00f4pital G\u00e9n\u00e9ral du Lakeshore. Elle contribue ainsi \u00e0 l\u2019acquisition d\u2019\u00e9quipement m\u00e9dical de pointe, aux r\u00e9novations majeures des structures hospitali\u00e8res et aux programmes et formations sp\u00e9cialis\u00e9s pour le personnel, et ce, pour les initiatives non financ\u00e9es par le gouvernement.<\/p>\n<p>La FHGL exprime sa reconnaissance \u00e0 ses partenaires annuels pour leur pr\u00e9cieux soutien et leur engagement communautaire : Desjardins, Radimed, R\u00e9seau S\u00e9lection, Spinelli, TC Media, Aqua Spa Lyne Giroux, Catsys IT &amp; Media, Cimeti\u00e8re et Complexe Fun\u00e9raire Belv\u00e9d\u00e8re, Club Piscine Super Fitness Pierrefonds, Complexes Fun\u00e9raires Yves L\u00e9gar\u00e9, Jean Coutu (Beaurepaire), L\u2019espace Beaconsfield, Mansfield Club Athl\u00e9tique, Marriott Terminal A\u00e9roport de Montr\u00e9al, Pharmaprix Southwest One\/MedEquip, Plus Belle la Vie, Rocky Mountain Chocolate Factory et Rouge Nail Bar.<\/p>\n<p style=\"text-align: left;\"><strong>\u00a0<\/strong><\/p>\n[\/vc_column_text][\/vc_column][\/vc_row]\n","protected":false},"excerpt":{"rendered":"<p>[vc_row type=\u00a0\u00bbin_container\u00a0\u00bb full_screen_row_position=\u00a0\u00bbmiddle\u00a0\u00bb column_margin=\u00a0\u00bbdefault\u00a0\u00bb column_direction=\u00a0\u00bbdefault\u00a0\u00bb column_direction_tablet=\u00a0\u00bbdefault\u00a0\u00bb column_direction_phone=\u00a0\u00bbdefault\u00a0\u00bb scene_position=\u00a0\u00bbcenter\u00a0\u00bb text_color=\u00a0\u00bbdark\u00a0\u00bb text_align=\u00a0\u00bbleft\u00a0\u00bb row_border_radius=\u00a0\u00bbnone\u00a0\u00bb row_border_radius_applies=\u00a0\u00bbbg\u00a0\u00bb overflow=\u00a0\u00bbvisible\u00a0\u00bb overlay_strength=\u00a0\u00bb0.3&Prime; gradient_direction=\u00a0\u00bbleft_to_right\u00a0\u00bb shape_divider_position=\u00a0\u00bbbottom\u00a0\u00bb bg_image_animation=\u00a0\u00bbnone\u00a0\u00bb][vc_column column_padding=\u00a0\u00bbno-extra-padding\u00a0\u00bb column_padding_tablet=\u00a0\u00bbinherit\u00a0\u00bb column_padding_phone=\u00a0\u00bbinherit\u00a0\u00bb column_padding_position=\u00a0\u00bball\u00a0\u00bb column_element_spacing=\u00a0\u00bbdefault\u00a0\u00bb background_color_opacity=\u00a0\u00bb1&Prime; background_hover_color_opacity=\u00a0\u00bb1&Prime; column_shadow=\u00a0\u00bbnone\u00a0\u00bb column_border_radius=\u00a0\u00bbnone\u00a0\u00bb column_link_target=\u00a0\u00bb_self\u00a0\u00bb column_position=\u00a0\u00bbdefault\u00a0\u00bb gradient_direction=\u00a0\u00bbleft_to_right\u00a0\u00bb overlay_strength=\u00a0\u00bb0.3&Prime;&#8230;<\/p>\n","protected":false},"author":1,"featured_media":0,"comment_status":"closed","ping_status":"open","sticky":false,"template":"","format":"standard","meta":{"footnotes":""},"categories":[33],"tags":[],"class_list":{"0":"post-18184","1":"post","2":"type-post","3":"status-publish","4":"format-standard","6":"category-communiques-de-presse"},"yoast_head":"<!-- This site is optimized with the Yoast SEO plugin v27.4 - https:\/\/yoast.com\/product\/yoast-seo-wordpress\/ -->\n<title>Nouvelle nomination \u00e0 la Fondation de l\u2019H\u00f4pital g\u00e9n\u00e9ral du Lakeshore - Lakeshore General Hospital Foundation<\/title>\n<meta name=\"robots\" content=\"index, follow, max-snippet:-1, max-image-preview:large, max-video-preview:-1\" \/>\n<link rel=\"canonical\" href=\"https:\/\/fondationlakeshore.ca\/fr\/nouvelle-nomination-a-la-fondation-de-lhopital-general-du-lakeshore\/\" \/>\n<meta property=\"og:locale\" content=\"fr_FR\" \/>\n<meta property=\"og:type\" content=\"article\" \/>\n<meta property=\"og:title\" content=\"Nouvelle nomination \u00e0 la Fondation de l\u2019H\u00f4pital g\u00e9n\u00e9ral du Lakeshore - Lakeshore General Hospital Foundation\" \/>\n<meta property=\"og:description\" content=\"[vc_row type=\u00a0\u00bbin_container\u00a0\u00bb full_screen_row_position=\u00a0\u00bbmiddle\u00a0\u00bb column_margin=\u00a0\u00bbdefault\u00a0\u00bb column_direction=\u00a0\u00bbdefault\u00a0\u00bb column_direction_tablet=\u00a0\u00bbdefault\u00a0\u00bb column_direction_phone=\u00a0\u00bbdefault\u00a0\u00bb scene_position=\u00a0\u00bbcenter\u00a0\u00bb text_color=\u00a0\u00bbdark\u00a0\u00bb text_align=\u00a0\u00bbleft\u00a0\u00bb row_border_radius=\u00a0\u00bbnone\u00a0\u00bb row_border_radius_applies=\u00a0\u00bbbg\u00a0\u00bb overflow=\u00a0\u00bbvisible\u00a0\u00bb overlay_strength=\u00a0\u00bb0.3&Prime; gradient_direction=\u00a0\u00bbleft_to_right\u00a0\u00bb shape_divider_position=\u00a0\u00bbbottom\u00a0\u00bb bg_image_animation=\u00a0\u00bbnone\u00a0\u00bb][vc_column column_padding=\u00a0\u00bbno-extra-padding\u00a0\u00bb column_padding_tablet=\u00a0\u00bbinherit\u00a0\u00bb column_padding_phone=\u00a0\u00bbinherit\u00a0\u00bb column_padding_position=\u00a0\u00bball\u00a0\u00bb column_element_spacing=\u00a0\u00bbdefault\u00a0\u00bb background_color_opacity=\u00a0\u00bb1&Prime; background_hover_color_opacity=\u00a0\u00bb1&Prime; column_shadow=\u00a0\u00bbnone\u00a0\u00bb column_border_radius=\u00a0\u00bbnone\u00a0\u00bb column_link_target=\u00a0\u00bb_self\u00a0\u00bb column_position=\u00a0\u00bbdefault\u00a0\u00bb gradient_direction=\u00a0\u00bbleft_to_right\u00a0\u00bb overlay_strength=\u00a0\u00bb0.3&Prime;...\" \/>\n<meta property=\"og:url\" content=\"https:\/\/fondationlakeshore.ca\/fr\/nouvelle-nomination-a-la-fondation-de-lhopital-general-du-lakeshore\/\" \/>\n<meta property=\"og:site_name\" content=\"Lakeshore General Hospital Foundation\" \/>\n<meta property=\"article:publisher\" content=\"https:\/\/www.facebook.com\/fondationlakeshore\" \/>\n<meta property=\"article:published_time\" content=\"2016-03-23T16:37:27+00:00\" \/>\n<meta property=\"article:modified_time\" content=\"2022-11-16T16:59:34+00:00\" \/>\n<meta property=\"og:image\" content=\"https:\/\/fondationlakeshore.ca\/wp-content\/uploads\/2016\/03\/Beno%C3%AEt_Guillemette_300X300.png\" \/>\n<meta name=\"author\" content=\"lakeshorefond\" \/>\n<meta name=\"twitter:card\" content=\"summary_large_image\" \/>\n<meta name=\"twitter:label1\" content=\"Written by\" \/>\n\t<meta name=\"twitter:data1\" content=\"lakeshorefond\" \/>\n\t<meta name=\"twitter:label2\" content=\"Est. reading time\" \/>\n\t<meta name=\"twitter:data2\" content=\"3 minutes\" \/>\n<script type=\"application\/ld+json\" class=\"yoast-schema-graph\">{\"@context\":\"https:\\\/\\\/schema.org\",\"@graph\":[{\"@type\":\"Article\",\"@id\":\"https:\\\/\\\/fondationlakeshore.ca\\\/fr\\\/nouvelle-nomination-a-la-fondation-de-lhopital-general-du-lakeshore\\\/#article\",\"isPartOf\":{\"@id\":\"https:\\\/\\\/fondationlakeshore.ca\\\/fr\\\/nouvelle-nomination-a-la-fondation-de-lhopital-general-du-lakeshore\\\/\"},\"author\":{\"name\":\"lakeshorefond\",\"@id\":\"https:\\\/\\\/fondationlakeshore.ca\\\/fr\\\/#\\\/schema\\\/person\\\/392d9dce00dc515e6b21582f16c8c3bd\"},\"headline\":\"Nouvelle nomination \u00e0 la Fondation de l\u2019H\u00f4pital g\u00e9n\u00e9ral du Lakeshore\",\"datePublished\":\"2016-03-23T16:37:27+00:00\",\"dateModified\":\"2022-11-16T16:59:34+00:00\",\"mainEntityOfPage\":{\"@id\":\"https:\\\/\\\/fondationlakeshore.ca\\\/fr\\\/nouvelle-nomination-a-la-fondation-de-lhopital-general-du-lakeshore\\\/\"},\"wordCount\":608,\"publisher\":{\"@id\":\"https:\\\/\\\/fondationlakeshore.ca\\\/fr\\\/#organization\"},\"image\":{\"@id\":\"https:\\\/\\\/fondationlakeshore.ca\\\/fr\\\/nouvelle-nomination-a-la-fondation-de-lhopital-general-du-lakeshore\\\/#primaryimage\"},\"thumbnailUrl\":\"https:\\\/\\\/fondationlakeshore.ca\\\/wp-content\\\/uploads\\\/2016\\\/03\\\/Beno%C3%AEt_Guillemette_300X300.png\",\"articleSection\":[\"Communiqu\u00e9s de presse\"],\"inLanguage\":\"fr-FR\"},{\"@type\":\"WebPage\",\"@id\":\"https:\\\/\\\/fondationlakeshore.ca\\\/fr\\\/nouvelle-nomination-a-la-fondation-de-lhopital-general-du-lakeshore\\\/\",\"url\":\"https:\\\/\\\/fondationlakeshore.ca\\\/fr\\\/nouvelle-nomination-a-la-fondation-de-lhopital-general-du-lakeshore\\\/\",\"name\":\"Nouvelle nomination \u00e0 la Fondation de l\u2019H\u00f4pital g\u00e9n\u00e9ral du Lakeshore - Lakeshore General Hospital Foundation\",\"isPartOf\":{\"@id\":\"https:\\\/\\\/fondationlakeshore.ca\\\/fr\\\/#website\"},\"primaryImageOfPage\":{\"@id\":\"https:\\\/\\\/fondationlakeshore.ca\\\/fr\\\/nouvelle-nomination-a-la-fondation-de-lhopital-general-du-lakeshore\\\/#primaryimage\"},\"image\":{\"@id\":\"https:\\\/\\\/fondationlakeshore.ca\\\/fr\\\/nouvelle-nomination-a-la-fondation-de-lhopital-general-du-lakeshore\\\/#primaryimage\"},\"thumbnailUrl\":\"https:\\\/\\\/fondationlakeshore.ca\\\/wp-content\\\/uploads\\\/2016\\\/03\\\/Beno%C3%AEt_Guillemette_300X300.png\",\"datePublished\":\"2016-03-23T16:37:27+00:00\",\"dateModified\":\"2022-11-16T16:59:34+00:00\",\"breadcrumb\":{\"@id\":\"https:\\\/\\\/fondationlakeshore.ca\\\/fr\\\/nouvelle-nomination-a-la-fondation-de-lhopital-general-du-lakeshore\\\/#breadcrumb\"},\"inLanguage\":\"fr-FR\",\"potentialAction\":[{\"@type\":\"ReadAction\",\"target\":[\"https:\\\/\\\/fondationlakeshore.ca\\\/fr\\\/nouvelle-nomination-a-la-fondation-de-lhopital-general-du-lakeshore\\\/\"]}]},{\"@type\":\"ImageObject\",\"inLanguage\":\"fr-FR\",\"@id\":\"https:\\\/\\\/fondationlakeshore.ca\\\/fr\\\/nouvelle-nomination-a-la-fondation-de-lhopital-general-du-lakeshore\\\/#primaryimage\",\"url\":\"https:\\\/\\\/fondationlakeshore.ca\\\/wp-content\\\/uploads\\\/2016\\\/03\\\/Beno%C3%AEt_Guillemette_300X300.png\",\"contentUrl\":\"https:\\\/\\\/fondationlakeshore.ca\\\/wp-content\\\/uploads\\\/2016\\\/03\\\/Beno%C3%AEt_Guillemette_300X300.png\"},{\"@type\":\"BreadcrumbList\",\"@id\":\"https:\\\/\\\/fondationlakeshore.ca\\\/fr\\\/nouvelle-nomination-a-la-fondation-de-lhopital-general-du-lakeshore\\\/#breadcrumb\",\"itemListElement\":[{\"@type\":\"ListItem\",\"position\":1,\"name\":\"Home\",\"item\":\"https:\\\/\\\/fondationlakeshore.ca\\\/fr\\\/\"},{\"@type\":\"ListItem\",\"position\":2,\"name\":\"Nouvelle nomination \u00e0 la Fondation de l\u2019H\u00f4pital g\u00e9n\u00e9ral du Lakeshore\"}]},{\"@type\":\"WebSite\",\"@id\":\"https:\\\/\\\/fondationlakeshore.ca\\\/fr\\\/#website\",\"url\":\"https:\\\/\\\/fondationlakeshore.ca\\\/fr\\\/\",\"name\":\"Lakeshore General Hospital Foundation\",\"description\":\"Working together towards healthcare excellence\",\"publisher\":{\"@id\":\"https:\\\/\\\/fondationlakeshore.ca\\\/fr\\\/#organization\"},\"potentialAction\":[{\"@type\":\"SearchAction\",\"target\":{\"@type\":\"EntryPoint\",\"urlTemplate\":\"https:\\\/\\\/fondationlakeshore.ca\\\/fr\\\/?s={search_term_string}\"},\"query-input\":{\"@type\":\"PropertyValueSpecification\",\"valueRequired\":true,\"valueName\":\"search_term_string\"}}],\"inLanguage\":\"fr-FR\"},{\"@type\":\"Organization\",\"@id\":\"https:\\\/\\\/fondationlakeshore.ca\\\/fr\\\/#organization\",\"name\":\"Lakeshore General Hospital Foundation\",\"url\":\"https:\\\/\\\/fondationlakeshore.ca\\\/fr\\\/\",\"logo\":{\"@type\":\"ImageObject\",\"inLanguage\":\"fr-FR\",\"@id\":\"https:\\\/\\\/fondationlakeshore.ca\\\/fr\\\/#\\\/schema\\\/logo\\\/image\\\/\",\"url\":\"https:\\\/\\\/fondationlakeshore.ca\\\/wp-content\\\/uploads\\\/2022\\\/02\\\/lghf-horizontal-EN-logo-full-color-rgb.png\",\"contentUrl\":\"https:\\\/\\\/fondationlakeshore.ca\\\/wp-content\\\/uploads\\\/2022\\\/02\\\/lghf-horizontal-EN-logo-full-color-rgb.png\",\"width\":1977,\"height\":788,\"caption\":\"Lakeshore General Hospital Foundation\"},\"image\":{\"@id\":\"https:\\\/\\\/fondationlakeshore.ca\\\/fr\\\/#\\\/schema\\\/logo\\\/image\\\/\"},\"sameAs\":[\"https:\\\/\\\/www.facebook.com\\\/fondationlakeshore\",\"https:\\\/\\\/www.instagram.com\\\/fondationlakeshore\\\/\",\"https:\\\/\\\/www.linkedin.com\\\/company\\\/fondationlakeshore\\\/\"]},{\"@type\":\"Person\",\"@id\":\"https:\\\/\\\/fondationlakeshore.ca\\\/fr\\\/#\\\/schema\\\/person\\\/392d9dce00dc515e6b21582f16c8c3bd\",\"name\":\"lakeshorefond\",\"image\":{\"@type\":\"ImageObject\",\"inLanguage\":\"fr-FR\",\"@id\":\"https:\\\/\\\/secure.gravatar.com\\\/avatar\\\/8fdb7f2eb83e231df4bfab4c692f0d2de079ff7812ca8defb215b469ba325582?s=96&d=mm&r=g\",\"url\":\"https:\\\/\\\/secure.gravatar.com\\\/avatar\\\/8fdb7f2eb83e231df4bfab4c692f0d2de079ff7812ca8defb215b469ba325582?s=96&d=mm&r=g\",\"contentUrl\":\"https:\\\/\\\/secure.gravatar.com\\\/avatar\\\/8fdb7f2eb83e231df4bfab4c692f0d2de079ff7812ca8defb215b469ba325582?s=96&d=mm&r=g\",\"caption\":\"lakeshorefond\"},\"sameAs\":[\"https:\\\/\\\/fondationlakeshore.ca\"],\"url\":\"https:\\\/\\\/fondationlakeshore.ca\\\/fr\\\/author\\\/lakeshorefond\\\/\"}]}<\/script>\n<!-- \/ Yoast SEO plugin. -->","yoast_head_json":{"title":"Nouvelle nomination \u00e0 la Fondation de l\u2019H\u00f4pital g\u00e9n\u00e9ral du Lakeshore - Lakeshore General Hospital Foundation","robots":{"index":"index","follow":"follow","max-snippet":"max-snippet:-1","max-image-preview":"max-image-preview:large","max-video-preview":"max-video-preview:-1"},"canonical":"https:\/\/fondationlakeshore.ca\/fr\/nouvelle-nomination-a-la-fondation-de-lhopital-general-du-lakeshore\/","og_locale":"fr_FR","og_type":"article","og_title":"Nouvelle nomination \u00e0 la Fondation de l\u2019H\u00f4pital g\u00e9n\u00e9ral du Lakeshore - Lakeshore General Hospital Foundation","og_description":"[vc_row type=\u00a0\u00bbin_container\u00a0\u00bb full_screen_row_position=\u00a0\u00bbmiddle\u00a0\u00bb column_margin=\u00a0\u00bbdefault\u00a0\u00bb column_direction=\u00a0\u00bbdefault\u00a0\u00bb column_direction_tablet=\u00a0\u00bbdefault\u00a0\u00bb column_direction_phone=\u00a0\u00bbdefault\u00a0\u00bb scene_position=\u00a0\u00bbcenter\u00a0\u00bb text_color=\u00a0\u00bbdark\u00a0\u00bb text_align=\u00a0\u00bbleft\u00a0\u00bb row_border_radius=\u00a0\u00bbnone\u00a0\u00bb row_border_radius_applies=\u00a0\u00bbbg\u00a0\u00bb overflow=\u00a0\u00bbvisible\u00a0\u00bb overlay_strength=\u00a0\u00bb0.3&Prime; gradient_direction=\u00a0\u00bbleft_to_right\u00a0\u00bb shape_divider_position=\u00a0\u00bbbottom\u00a0\u00bb bg_image_animation=\u00a0\u00bbnone\u00a0\u00bb][vc_column column_padding=\u00a0\u00bbno-extra-padding\u00a0\u00bb column_padding_tablet=\u00a0\u00bbinherit\u00a0\u00bb column_padding_phone=\u00a0\u00bbinherit\u00a0\u00bb column_padding_position=\u00a0\u00bball\u00a0\u00bb column_element_spacing=\u00a0\u00bbdefault\u00a0\u00bb background_color_opacity=\u00a0\u00bb1&Prime; background_hover_color_opacity=\u00a0\u00bb1&Prime; column_shadow=\u00a0\u00bbnone\u00a0\u00bb column_border_radius=\u00a0\u00bbnone\u00a0\u00bb column_link_target=\u00a0\u00bb_self\u00a0\u00bb column_position=\u00a0\u00bbdefault\u00a0\u00bb gradient_direction=\u00a0\u00bbleft_to_right\u00a0\u00bb overlay_strength=\u00a0\u00bb0.3&Prime;...","og_url":"https:\/\/fondationlakeshore.ca\/fr\/nouvelle-nomination-a-la-fondation-de-lhopital-general-du-lakeshore\/","og_site_name":"Lakeshore General Hospital Foundation","article_publisher":"https:\/\/www.facebook.com\/fondationlakeshore","article_published_time":"2016-03-23T16:37:27+00:00","article_modified_time":"2022-11-16T16:59:34+00:00","og_image":[{"url":"https:\/\/fondationlakeshore.ca\/wp-content\/uploads\/2016\/03\/Beno%C3%AEt_Guillemette_300X300.png","type":"","width":"","height":""}],"author":"lakeshorefond","twitter_card":"summary_large_image","twitter_misc":{"Written by":"lakeshorefond","Est. reading time":"3 minutes"},"schema":{"@context":"https:\/\/schema.org","@graph":[{"@type":"Article","@id":"https:\/\/fondationlakeshore.ca\/fr\/nouvelle-nomination-a-la-fondation-de-lhopital-general-du-lakeshore\/#article","isPartOf":{"@id":"https:\/\/fondationlakeshore.ca\/fr\/nouvelle-nomination-a-la-fondation-de-lhopital-general-du-lakeshore\/"},"author":{"name":"lakeshorefond","@id":"https:\/\/fondationlakeshore.ca\/fr\/#\/schema\/person\/392d9dce00dc515e6b21582f16c8c3bd"},"headline":"Nouvelle nomination \u00e0 la Fondation de l\u2019H\u00f4pital g\u00e9n\u00e9ral du Lakeshore","datePublished":"2016-03-23T16:37:27+00:00","dateModified":"2022-11-16T16:59:34+00:00","mainEntityOfPage":{"@id":"https:\/\/fondationlakeshore.ca\/fr\/nouvelle-nomination-a-la-fondation-de-lhopital-general-du-lakeshore\/"},"wordCount":608,"publisher":{"@id":"https:\/\/fondationlakeshore.ca\/fr\/#organization"},"image":{"@id":"https:\/\/fondationlakeshore.ca\/fr\/nouvelle-nomination-a-la-fondation-de-lhopital-general-du-lakeshore\/#primaryimage"},"thumbnailUrl":"https:\/\/fondationlakeshore.ca\/wp-content\/uploads\/2016\/03\/Beno%C3%AEt_Guillemette_300X300.png","articleSection":["Communiqu\u00e9s de presse"],"inLanguage":"fr-FR"},{"@type":"WebPage","@id":"https:\/\/fondationlakeshore.ca\/fr\/nouvelle-nomination-a-la-fondation-de-lhopital-general-du-lakeshore\/","url":"https:\/\/fondationlakeshore.ca\/fr\/nouvelle-nomination-a-la-fondation-de-lhopital-general-du-lakeshore\/","name":"Nouvelle nomination \u00e0 la Fondation de l\u2019H\u00f4pital g\u00e9n\u00e9ral du Lakeshore - Lakeshore General Hospital Foundation","isPartOf":{"@id":"https:\/\/fondationlakeshore.ca\/fr\/#website"},"primaryImageOfPage":{"@id":"https:\/\/fondationlakeshore.ca\/fr\/nouvelle-nomination-a-la-fondation-de-lhopital-general-du-lakeshore\/#primaryimage"},"image":{"@id":"https:\/\/fondationlakeshore.ca\/fr\/nouvelle-nomination-a-la-fondation-de-lhopital-general-du-lakeshore\/#primaryimage"},"thumbnailUrl":"https:\/\/fondationlakeshore.ca\/wp-content\/uploads\/2016\/03\/Beno%C3%AEt_Guillemette_300X300.png","datePublished":"2016-03-23T16:37:27+00:00","dateModified":"2022-11-16T16:59:34+00:00","breadcrumb":{"@id":"https:\/\/fondationlakeshore.ca\/fr\/nouvelle-nomination-a-la-fondation-de-lhopital-general-du-lakeshore\/#breadcrumb"},"inLanguage":"fr-FR","potentialAction":[{"@type":"ReadAction","target":["https:\/\/fondationlakeshore.ca\/fr\/nouvelle-nomination-a-la-fondation-de-lhopital-general-du-lakeshore\/"]}]},{"@type":"ImageObject","inLanguage":"fr-FR","@id":"https:\/\/fondationlakeshore.ca\/fr\/nouvelle-nomination-a-la-fondation-de-lhopital-general-du-lakeshore\/#primaryimage","url":"https:\/\/fondationlakeshore.ca\/wp-content\/uploads\/2016\/03\/Beno%C3%AEt_Guillemette_300X300.png","contentUrl":"https:\/\/fondationlakeshore.ca\/wp-content\/uploads\/2016\/03\/Beno%C3%AEt_Guillemette_300X300.png"},{"@type":"BreadcrumbList","@id":"https:\/\/fondationlakeshore.ca\/fr\/nouvelle-nomination-a-la-fondation-de-lhopital-general-du-lakeshore\/#breadcrumb","itemListElement":[{"@type":"ListItem","position":1,"name":"Home","item":"https:\/\/fondationlakeshore.ca\/fr\/"},{"@type":"ListItem","position":2,"name":"Nouvelle nomination \u00e0 la Fondation de l\u2019H\u00f4pital g\u00e9n\u00e9ral du Lakeshore"}]},{"@type":"WebSite","@id":"https:\/\/fondationlakeshore.ca\/fr\/#website","url":"https:\/\/fondationlakeshore.ca\/fr\/","name":"Lakeshore General Hospital Foundation","description":"Working together towards healthcare excellence","publisher":{"@id":"https:\/\/fondationlakeshore.ca\/fr\/#organization"},"potentialAction":[{"@type":"SearchAction","target":{"@type":"EntryPoint","urlTemplate":"https:\/\/fondationlakeshore.ca\/fr\/?s={search_term_string}"},"query-input":{"@type":"PropertyValueSpecification","valueRequired":true,"valueName":"search_term_string"}}],"inLanguage":"fr-FR"},{"@type":"Organization","@id":"https:\/\/fondationlakeshore.ca\/fr\/#organization","name":"Lakeshore General Hospital Foundation","url":"https:\/\/fondationlakeshore.ca\/fr\/","logo":{"@type":"ImageObject","inLanguage":"fr-FR","@id":"https:\/\/fondationlakeshore.ca\/fr\/#\/schema\/logo\/image\/","url":"https:\/\/fondationlakeshore.ca\/wp-content\/uploads\/2022\/02\/lghf-horizontal-EN-logo-full-color-rgb.png","contentUrl":"https:\/\/fondationlakeshore.ca\/wp-content\/uploads\/2022\/02\/lghf-horizontal-EN-logo-full-color-rgb.png","width":1977,"height":788,"caption":"Lakeshore General Hospital Foundation"},"image":{"@id":"https:\/\/fondationlakeshore.ca\/fr\/#\/schema\/logo\/image\/"},"sameAs":["https:\/\/www.facebook.com\/fondationlakeshore","https:\/\/www.instagram.com\/fondationlakeshore\/","https:\/\/www.linkedin.com\/company\/fondationlakeshore\/"]},{"@type":"Person","@id":"https:\/\/fondationlakeshore.ca\/fr\/#\/schema\/person\/392d9dce00dc515e6b21582f16c8c3bd","name":"lakeshorefond","image":{"@type":"ImageObject","inLanguage":"fr-FR","@id":"https:\/\/secure.gravatar.com\/avatar\/8fdb7f2eb83e231df4bfab4c692f0d2de079ff7812ca8defb215b469ba325582?s=96&d=mm&r=g","url":"https:\/\/secure.gravatar.com\/avatar\/8fdb7f2eb83e231df4bfab4c692f0d2de079ff7812ca8defb215b469ba325582?s=96&d=mm&r=g","contentUrl":"https:\/\/secure.gravatar.com\/avatar\/8fdb7f2eb83e231df4bfab4c692f0d2de079ff7812ca8defb215b469ba325582?s=96&d=mm&r=g","caption":"lakeshorefond"},"sameAs":["https:\/\/fondationlakeshore.ca"],"url":"https:\/\/fondationlakeshore.ca\/fr\/author\/lakeshorefond\/"}]}},"_links":{"self":[{"href":"https:\/\/fondationlakeshore.ca\/fr\/wp-json\/wp\/v2\/posts\/18184","targetHints":{"allow":["GET"]}}],"collection":[{"href":"https:\/\/fondationlakeshore.ca\/fr\/wp-json\/wp\/v2\/posts"}],"about":[{"href":"https:\/\/fondationlakeshore.ca\/fr\/wp-json\/wp\/v2\/types\/post"}],"author":[{"embeddable":true,"href":"https:\/\/fondationlakeshore.ca\/fr\/wp-json\/wp\/v2\/users\/1"}],"replies":[{"embeddable":true,"href":"https:\/\/fondationlakeshore.ca\/fr\/wp-json\/wp\/v2\/comments?post=18184"}],"version-history":[{"count":0,"href":"https:\/\/fondationlakeshore.ca\/fr\/wp-json\/wp\/v2\/posts\/18184\/revisions"}],"wp:attachment":[{"href":"https:\/\/fondationlakeshore.ca\/fr\/wp-json\/wp\/v2\/media?parent=18184"}],"wp:term":[{"taxonomy":"category","embeddable":true,"href":"https:\/\/fondationlakeshore.ca\/fr\/wp-json\/wp\/v2\/categories?post=18184"},{"taxonomy":"post_tag","embeddable":true,"href":"https:\/\/fondationlakeshore.ca\/fr\/wp-json\/wp\/v2\/tags?post=18184"}],"curies":[{"name":"wp","href":"https:\/\/api.w.org\/{rel}","templated":true}]}}