{"id":17577,"date":"2017-11-14T15:45:17","date_gmt":"2017-11-14T15:45:17","guid":{"rendered":"https:\/\/lakeshorefond.wpengine.com\/succes-remarquable-pour-la-17e-edition-du-bal-lakeshore-la-fondation-de-lhopital-general-du-lakeshore-recueille-500-000\/"},"modified":"2023-02-16T20:48:16","modified_gmt":"2023-02-16T20:48:16","slug":"succes-remarquable-pour-la-17e-edition-du-bal-lakeshore-la-fondation-de-lhopital-general-du-lakeshore-recueille-500-000","status":"publish","type":"post","link":"https:\/\/fondationlakeshore.ca\/fr\/succes-remarquable-pour-la-17e-edition-du-bal-lakeshore-la-fondation-de-lhopital-general-du-lakeshore-recueille-500-000\/","title":{"rendered":"Succ\u00e8s remarquable pour la 17e \u00e9dition du Bal Lakeshore \u2013 La Fondation de l\u2019H\u00f4pital g\u00e9n\u00e9ral du Lakeshore recueille 500 000$"},"content":{"rendered":"[vc_row type=\u00a0\u00bbin_container\u00a0\u00bb full_screen_row_position=\u00a0\u00bbmiddle\u00a0\u00bb column_margin=\u00a0\u00bbdefault\u00a0\u00bb column_direction=\u00a0\u00bbdefault\u00a0\u00bb column_direction_tablet=\u00a0\u00bbdefault\u00a0\u00bb column_direction_phone=\u00a0\u00bbdefault\u00a0\u00bb scene_position=\u00a0\u00bbcenter\u00a0\u00bb text_color=\u00a0\u00bbdark\u00a0\u00bb text_align=\u00a0\u00bbleft\u00a0\u00bb row_border_radius=\u00a0\u00bbnone\u00a0\u00bb row_border_radius_applies=\u00a0\u00bbbg\u00a0\u00bb overflow=\u00a0\u00bbvisible\u00a0\u00bb overlay_strength=\u00a0\u00bb0.3&Prime; gradient_direction=\u00a0\u00bbleft_to_right\u00a0\u00bb shape_divider_position=\u00a0\u00bbbottom\u00a0\u00bb bg_image_animation=\u00a0\u00bbnone\u00a0\u00bb][vc_column column_padding=\u00a0\u00bbno-extra-padding\u00a0\u00bb column_padding_tablet=\u00a0\u00bbinherit\u00a0\u00bb column_padding_phone=\u00a0\u00bbinherit\u00a0\u00bb column_padding_position=\u00a0\u00bball\u00a0\u00bb column_element_direction_desktop=\u00a0\u00bbdefault\u00a0\u00bb column_element_spacing=\u00a0\u00bbdefault\u00a0\u00bb desktop_text_alignment=\u00a0\u00bbdefault\u00a0\u00bb tablet_text_alignment=\u00a0\u00bbdefault\u00a0\u00bb phone_text_alignment=\u00a0\u00bbdefault\u00a0\u00bb background_color_opacity=\u00a0\u00bb1&Prime; background_hover_color_opacity=\u00a0\u00bb1&Prime; column_backdrop_filter=\u00a0\u00bbnone\u00a0\u00bb column_shadow=\u00a0\u00bbnone\u00a0\u00bb column_border_radius=\u00a0\u00bbnone\u00a0\u00bb column_link_target=\u00a0\u00bb_self\u00a0\u00bb column_position=\u00a0\u00bbdefault\u00a0\u00bb gradient_direction=\u00a0\u00bbleft_to_right\u00a0\u00bb overlay_strength=\u00a0\u00bb0.3&Prime; width=\u00a0\u00bb1\/1&Prime; tablet_width_inherit=\u00a0\u00bbdefault\u00a0\u00bb animation_type=\u00a0\u00bbdefault\u00a0\u00bb bg_image_animation=\u00a0\u00bbnone\u00a0\u00bb border_type=\u00a0\u00bbsimple\u00a0\u00bb column_border_width=\u00a0\u00bbnone\u00a0\u00bb column_border_style=\u00a0\u00bbsolid\u00a0\u00bb][image_with_animation image_url=\u00a0\u00bb18883&Prime; image_size=\u00a0\u00bbfull\u00a0\u00bb animation_type=\u00a0\u00bbentrance\u00a0\u00bb animation=\u00a0\u00bbNone\u00a0\u00bb animation_movement_type=\u00a0\u00bbtransform_y\u00a0\u00bb hover_animation=\u00a0\u00bbnone\u00a0\u00bb alignment=\u00a0\u00bb\u00a0\u00bb border_radius=\u00a0\u00bbnone\u00a0\u00bb box_shadow=\u00a0\u00bbnone\u00a0\u00bb image_loading=\u00a0\u00bbdefault\u00a0\u00bb max_width=\u00a0\u00bb100%\u00a0\u00bb max_width_mobile=\u00a0\u00bbdefault\u00a0\u00bb][vc_column_text]\n<p style=\"text-align: left;\"><span style=\"color: #909090;\"><strong>Pointe-Claire (Qu\u00e9bec) \u2013 Le 14 novembre 2017<\/strong> \u2013 La Fondation de l\u2019H\u00f4pital g\u00e9n\u00e9ral du Lakeshore (FHGL) est heureuse d\u2019annoncer qu\u2019elle a atteint son objectif de 500 000$, lors du <a href=\"https:\/\/fondationlakeshore.ca\/fr\/bal-du-lakeshore\/\">17<sup>e<\/sup> Bal annuel du Lakeshore<\/a>, qui avait lieu le samedi 11<sup>e<\/sup> novembre \u00e0 l\u2019H\u00f4tel Marriott Terminal A\u00e9roport de Montr\u00e9al. Trois femmes d\u2019exception, dont les valeurs rejoignent celles de la Fondation, en avaient la pr\u00e9sidence d\u2019honneur, \u00e0 savoir Lyne Giroux, d\u2019Aqua Spa Lyne Giroux, Monique Mardinian d\u2019Encore Voyage et Sandra Hudon de Cascades PRO. La Fondation Mirella et Lino Saputo \u00e9tait le commanditaire or, et a fait preuve d\u2019extr\u00eame g\u00e9n\u00e9rosit\u00e9 en faisant un don suppl\u00e9mentaire de 21 000$ \u00e0 la \u00e9ni\u00e8me heure pour permettre \u00e0 la Fondation d\u2019atteindre son objectif. Les fonds recueillis lors de cet \u00e9v\u00e9nement de prestige, anim\u00e9 par l\u2019animateur radio Shaun McMahon de <em>The Beat 92.5,<\/em> serviront \u00e0 rehausser la qualit\u00e9 des soins de sant\u00e9 pour la communaut\u00e9 de l\u2019Ouest-de-l\u2019\u00cele. <\/span><\/p>\n<p style=\"text-align: left;\"><span style=\"color: #909090;\"><br \/>\nLa directrice g\u00e9n\u00e9rale Heather Holmes et les copr\u00e9sidents du conseil d\u2019administration de la FHGL, David Cescon et le Dr Fiore Lalla, ont accueilli plus de 350 invit\u00e9s, dont des personnalit\u00e9s parmi les plus influentes et les plus connues de la collectivit\u00e9. En plus des d\u00e9cors somptueux inspir\u00e9s du th\u00e8me de la for\u00eat enchant\u00e9e, les convives ont pu appr\u00e9cier cocktail, champagne, souper gastronomique cinq-services, bar ouvert, performances et danse au son du groupe Electrik. \u00ab Je suis encore une fois tr\u00e8s touch\u00e9e par la g\u00e9n\u00e9rosit\u00e9 de notre communaut\u00e9. Un \u00e9v\u00e9nement comme celui-ci n\u2019aurait pu conna\u00eetre un tel succ\u00e8s sans la participation et l\u2019engagement de nos nombreux collaborateurs, qui ont \u00e0 c\u0153ur notre h\u00f4pital communautaire, et je tiens \u00e0 les remercier tous \u00bb, souligne Heather Holmes. <\/span><\/p>\n<p style=\"text-align: left;\"><span style=\"color: #909090;\"><br \/>\nOutre les pr\u00e9sidentes d\u2019honneur et la Fondation Mirella et Lino Saputo, plusieurs entreprises de l\u2019Ouest-de-l\u2019\u00cele ont appuy\u00e9 le Bal Lakeshore \u00e0 titre de copr\u00e9sidents du Bal, notamment : Couvertures West Island, Desjardins, Enterprise Holdings, FJ Machine Shop, R\u00e9seau S\u00e9lection, Roxboro Excavation et UniGear.<\/span><\/p>\n<p style=\"text-align: left;\"><span style=\"color: #909090;\"><strong><br \/>\nNos partenaires annuels<\/strong>: La FHGL aimerait remercier les partenaires suivants pour leur engagement annuel en tant que partenaires officiels et pour leur soutien \u00e0 la mission de la Fondation: Desjardins, Montreal Gazette, Groupe Spinelli, R\u00e9seau S\u00e9lection, TC Media, 94.7 Hits FM, AMJ Campbell, Aon Parizeau Inc., Aqua Spa Lyne Giroux, Ask Mama MOE, Catsys IT &amp; Media, Ch\u00e2teau Dollard, Check6 Media, Club Piscine Pierrefonds, Domesti Serv, \u00c9quipe Laudi (Investors Group), Groupe Yves L\u00e9gar\u00e9 Inc., GroupJKC, Marriott Terminal A\u00e9roport de Montr\u00e9al, Pharmaprix Southwest One\/MedEquip, Plus Belle la Vie, Radimed, Sean Fitzpatrick (RE\/MAX Cadibec Inc.), West Island Mommies et What\u2019s Up West-Island.<\/span><\/p>\n<p style=\"text-align: left;\"><span style=\"color: #909090;\"><strong><br \/>\n\u00c0 propos de la FHGL<br \/>\n<\/strong>Fond\u00e9e en 1964, la Fondation a pour objectif de recueillir les fonds n\u00e9cessaires \u00e0 l\u2019am\u00e9lioration des soins \u00e0 l\u2019H\u00f4pital g\u00e9n\u00e9ral du Lakeshore. Elle contribue ainsi \u00e0 l\u2019acquisition d\u2019\u00e9quipement m\u00e9dical de pointe, aux r\u00e9novations majeures des structures hospitali\u00e8res et aux programmes et formations sp\u00e9cialis\u00e9s pour le personnel, et ce, pour les initiatives non financ\u00e9es par le gouvernement.<\/span><\/p>\n<p>&nbsp;<\/p>\n<p style=\"text-align: left;\"><a href=\"https:\/\/photos.app.goo.gl\/u5Jm3huuiiZU1njF2\" target=\"_blank\" rel=\"noopener\"><strong><span style=\"color: #fcb720;\">Voir l\u2019album photo du Bal Lakeshore 2017<\/span><\/strong><\/a><\/p>\n<hr \/>\n<p style=\"text-align: left;\"><span style=\"color: #909090;\"><strong>Photo : Pr\u00e9sidentes d\u2019honneur et copr\u00e9sidents du 17<sup>e<\/sup> Bal annuel Lakeshore<\/strong><\/span><\/p>\n<p style=\"text-align: left;\"><span style=\"color: #909090;\">De gauche \u00e0 droite:<\/span><\/p>\n<p style=\"text-align: left;\"><span style=\"color: #909090;\">Luc Lepage \u2013 R\u00e9seau S\u00e9lection<\/span><\/p>\n<p style=\"text-align: left;\"><span style=\"color: #909090;\">Heather Holmes \u2013 Directrice g\u00e9n\u00e9rale de la Fondation de l\u2019H\u00f4pital g\u00e9n\u00e9ral du Lakeshore<\/span><\/p>\n<p style=\"text-align: left;\"><span style=\"color: #909090;\">Ginette Latreille \u2013 Desjardins<\/span><\/p>\n<p style=\"text-align: left;\"><span style=\"color: #909090;\">Ron Mehra \u2013 UniGear<\/span><\/p>\n<p style=\"text-align: left;\"><span style=\"color: #909090;\">Sandra Hudon \u2013 Cascades PRO<\/span><\/p>\n<p style=\"text-align: left;\"><span style=\"color: #909090;\">Monique Mardinian \u2013 Encore Travel<\/span><\/p>\n<p style=\"text-align: left;\"><span style=\"color: #909090;\">Lyne Giroux \u2013 Aqua Spa Lyne Giroux<\/span><\/p>\n<p style=\"text-align: left;\"><span style=\"color: #909090;\">Monica Haddad \u2013 Enterprise Holdings<\/span><\/p>\n<p style=\"text-align: left;\"><span style=\"color: #909090;\">Shaun McMahon \u2013 The Beat 92.5<\/span><\/p>\n<p style=\"text-align: left;\"><span style=\"color: #909090;\">Jean-Yves Brunet \u2013 Couvertures West Island Roofing<\/span><\/p>\n<p style=\"text-align: left;\"><span style=\"color: #909090;\">Repr\u00e9sentant de Roxboro Excavation<\/span><\/p>\n<p style=\"text-align: left;\"><span style=\"color: #909090;\">David Cescon \u2013 Copr\u00e9sident du conseil d\u2019administration de la Fondation de l\u2019H\u00f4pital g\u00e9n\u00e9ral du Lakeshore<\/span><\/p>\n<p style=\"text-align: left;\"><span style=\"color: #909090;\">Dr Fiore Lalla \u2013 Copr\u00e9sident du conseil d\u2019administration de la Fondation de l\u2019H\u00f4pital g\u00e9n\u00e9ral du Lakeshore<\/span><\/p>\n[\/vc_column_text][\/vc_column][\/vc_row]\n","protected":false},"excerpt":{"rendered":"<p>[vc_row type=\u00a0\u00bbin_container\u00a0\u00bb full_screen_row_position=\u00a0\u00bbmiddle\u00a0\u00bb column_margin=\u00a0\u00bbdefault\u00a0\u00bb column_direction=\u00a0\u00bbdefault\u00a0\u00bb column_direction_tablet=\u00a0\u00bbdefault\u00a0\u00bb column_direction_phone=\u00a0\u00bbdefault\u00a0\u00bb scene_position=\u00a0\u00bbcenter\u00a0\u00bb text_color=\u00a0\u00bbdark\u00a0\u00bb text_align=\u00a0\u00bbleft\u00a0\u00bb row_border_radius=\u00a0\u00bbnone\u00a0\u00bb row_border_radius_applies=\u00a0\u00bbbg\u00a0\u00bb overflow=\u00a0\u00bbvisible\u00a0\u00bb overlay_strength=\u00a0\u00bb0.3&Prime; gradient_direction=\u00a0\u00bbleft_to_right\u00a0\u00bb shape_divider_position=\u00a0\u00bbbottom\u00a0\u00bb bg_image_animation=\u00a0\u00bbnone\u00a0\u00bb][vc_column column_padding=\u00a0\u00bbno-extra-padding\u00a0\u00bb column_padding_tablet=\u00a0\u00bbinherit\u00a0\u00bb column_padding_phone=\u00a0\u00bbinherit\u00a0\u00bb column_padding_position=\u00a0\u00bball\u00a0\u00bb column_element_direction_desktop=\u00a0\u00bbdefault\u00a0\u00bb column_element_spacing=\u00a0\u00bbdefault\u00a0\u00bb desktop_text_alignment=\u00a0\u00bbdefault\u00a0\u00bb tablet_text_alignment=\u00a0\u00bbdefault\u00a0\u00bb phone_text_alignment=\u00a0\u00bbdefault\u00a0\u00bb background_color_opacity=\u00a0\u00bb1&Prime; background_hover_color_opacity=\u00a0\u00bb1&Prime; column_backdrop_filter=\u00a0\u00bbnone\u00a0\u00bb column_shadow=\u00a0\u00bbnone\u00a0\u00bb&#8230;<\/p>\n","protected":false},"author":1,"featured_media":18883,"comment_status":"closed","ping_status":"open","sticky":false,"template":"","format":"standard","meta":{"footnotes":""},"categories":[33],"tags":[38,34],"class_list":{"0":"post-17577","1":"post","2":"type-post","3":"status-publish","4":"format-standard","5":"has-post-thumbnail","7":"category-communiques-de-presse","8":"tag-bal","9":"tag-evenements"},"yoast_head":"<!-- This site is optimized with the Yoast SEO plugin v27.4 - https:\/\/yoast.com\/product\/yoast-seo-wordpress\/ -->\n<title>Succ\u00e8s remarquable pour la 17e \u00e9dition du Bal Lakeshore \u2013 La Fondation de l\u2019H\u00f4pital g\u00e9n\u00e9ral du Lakeshore recueille 500 000$ - Lakeshore General Hospital Foundation<\/title>\n<meta name=\"robots\" content=\"index, follow, max-snippet:-1, max-image-preview:large, max-video-preview:-1\" \/>\n<link rel=\"canonical\" href=\"https:\/\/fondationlakeshore.ca\/fr\/succes-remarquable-pour-la-17e-edition-du-bal-lakeshore-la-fondation-de-lhopital-general-du-lakeshore-recueille-500-000\/\" \/>\n<meta property=\"og:locale\" content=\"fr_FR\" \/>\n<meta property=\"og:type\" content=\"article\" \/>\n<meta property=\"og:title\" content=\"Succ\u00e8s remarquable pour la 17e \u00e9dition du Bal Lakeshore \u2013 La Fondation de l\u2019H\u00f4pital g\u00e9n\u00e9ral du Lakeshore recueille 500 000$ - Lakeshore General Hospital Foundation\" \/>\n<meta property=\"og:description\" content=\"[vc_row type=\u00a0\u00bbin_container\u00a0\u00bb full_screen_row_position=\u00a0\u00bbmiddle\u00a0\u00bb column_margin=\u00a0\u00bbdefault\u00a0\u00bb column_direction=\u00a0\u00bbdefault\u00a0\u00bb column_direction_tablet=\u00a0\u00bbdefault\u00a0\u00bb column_direction_phone=\u00a0\u00bbdefault\u00a0\u00bb scene_position=\u00a0\u00bbcenter\u00a0\u00bb text_color=\u00a0\u00bbdark\u00a0\u00bb text_align=\u00a0\u00bbleft\u00a0\u00bb row_border_radius=\u00a0\u00bbnone\u00a0\u00bb row_border_radius_applies=\u00a0\u00bbbg\u00a0\u00bb overflow=\u00a0\u00bbvisible\u00a0\u00bb overlay_strength=\u00a0\u00bb0.3&Prime; gradient_direction=\u00a0\u00bbleft_to_right\u00a0\u00bb shape_divider_position=\u00a0\u00bbbottom\u00a0\u00bb bg_image_animation=\u00a0\u00bbnone\u00a0\u00bb][vc_column column_padding=\u00a0\u00bbno-extra-padding\u00a0\u00bb column_padding_tablet=\u00a0\u00bbinherit\u00a0\u00bb column_padding_phone=\u00a0\u00bbinherit\u00a0\u00bb column_padding_position=\u00a0\u00bball\u00a0\u00bb column_element_direction_desktop=\u00a0\u00bbdefault\u00a0\u00bb column_element_spacing=\u00a0\u00bbdefault\u00a0\u00bb desktop_text_alignment=\u00a0\u00bbdefault\u00a0\u00bb tablet_text_alignment=\u00a0\u00bbdefault\u00a0\u00bb phone_text_alignment=\u00a0\u00bbdefault\u00a0\u00bb background_color_opacity=\u00a0\u00bb1&Prime; background_hover_color_opacity=\u00a0\u00bb1&Prime; column_backdrop_filter=\u00a0\u00bbnone\u00a0\u00bb column_shadow=\u00a0\u00bbnone\u00a0\u00bb...\" \/>\n<meta property=\"og:url\" content=\"https:\/\/fondationlakeshore.ca\/fr\/succes-remarquable-pour-la-17e-edition-du-bal-lakeshore-la-fondation-de-lhopital-general-du-lakeshore-recueille-500-000\/\" \/>\n<meta property=\"og:site_name\" content=\"Lakeshore General Hospital Foundation\" \/>\n<meta property=\"article:publisher\" content=\"https:\/\/www.facebook.com\/fondationlakeshore\" \/>\n<meta property=\"article:published_time\" content=\"2017-11-14T15:45:17+00:00\" \/>\n<meta property=\"article:modified_time\" content=\"2023-02-16T20:48:16+00:00\" \/>\n<meta property=\"og:image\" content=\"https:\/\/fondationlakeshore.ca\/wp-content\/uploads\/2017\/11\/Bal-copresidents-999x95k.jpg\" \/>\n\t<meta property=\"og:image:width\" content=\"999\" \/>\n\t<meta property=\"og:image:height\" content=\"494\" \/>\n\t<meta property=\"og:image:type\" content=\"image\/jpeg\" \/>\n<meta name=\"author\" content=\"lakeshorefond\" \/>\n<meta name=\"twitter:card\" content=\"summary_large_image\" \/>\n<meta name=\"twitter:label1\" content=\"Written by\" \/>\n\t<meta name=\"twitter:data1\" content=\"lakeshorefond\" \/>\n\t<meta name=\"twitter:label2\" content=\"Est. reading time\" \/>\n\t<meta name=\"twitter:data2\" content=\"4 minutes\" \/>\n<script type=\"application\/ld+json\" class=\"yoast-schema-graph\">{\"@context\":\"https:\\\/\\\/schema.org\",\"@graph\":[{\"@type\":\"Article\",\"@id\":\"https:\\\/\\\/fondationlakeshore.ca\\\/fr\\\/succes-remarquable-pour-la-17e-edition-du-bal-lakeshore-la-fondation-de-lhopital-general-du-lakeshore-recueille-500-000\\\/#article\",\"isPartOf\":{\"@id\":\"https:\\\/\\\/fondationlakeshore.ca\\\/fr\\\/succes-remarquable-pour-la-17e-edition-du-bal-lakeshore-la-fondation-de-lhopital-general-du-lakeshore-recueille-500-000\\\/\"},\"author\":{\"name\":\"lakeshorefond\",\"@id\":\"https:\\\/\\\/fondationlakeshore.ca\\\/fr\\\/#\\\/schema\\\/person\\\/392d9dce00dc515e6b21582f16c8c3bd\"},\"headline\":\"Succ\u00e8s remarquable pour la 17e \u00e9dition du Bal Lakeshore \u2013 La Fondation de l\u2019H\u00f4pital g\u00e9n\u00e9ral du Lakeshore recueille 500 000$\",\"datePublished\":\"2017-11-14T15:45:17+00:00\",\"dateModified\":\"2023-02-16T20:48:16+00:00\",\"mainEntityOfPage\":{\"@id\":\"https:\\\/\\\/fondationlakeshore.ca\\\/fr\\\/succes-remarquable-pour-la-17e-edition-du-bal-lakeshore-la-fondation-de-lhopital-general-du-lakeshore-recueille-500-000\\\/\"},\"wordCount\":882,\"publisher\":{\"@id\":\"https:\\\/\\\/fondationlakeshore.ca\\\/fr\\\/#organization\"},\"image\":{\"@id\":\"https:\\\/\\\/fondationlakeshore.ca\\\/fr\\\/succes-remarquable-pour-la-17e-edition-du-bal-lakeshore-la-fondation-de-lhopital-general-du-lakeshore-recueille-500-000\\\/#primaryimage\"},\"thumbnailUrl\":\"https:\\\/\\\/fondationlakeshore.ca\\\/wp-content\\\/uploads\\\/2017\\\/11\\\/Bal-copresidents-999x95k.jpg\",\"keywords\":[\"Bal\",\"\u00c9v\u00e8nements\"],\"articleSection\":[\"Communiqu\u00e9s de presse\"],\"inLanguage\":\"fr-FR\"},{\"@type\":\"WebPage\",\"@id\":\"https:\\\/\\\/fondationlakeshore.ca\\\/fr\\\/succes-remarquable-pour-la-17e-edition-du-bal-lakeshore-la-fondation-de-lhopital-general-du-lakeshore-recueille-500-000\\\/\",\"url\":\"https:\\\/\\\/fondationlakeshore.ca\\\/fr\\\/succes-remarquable-pour-la-17e-edition-du-bal-lakeshore-la-fondation-de-lhopital-general-du-lakeshore-recueille-500-000\\\/\",\"name\":\"Succ\u00e8s remarquable pour la 17e \u00e9dition du Bal Lakeshore \u2013 La Fondation de l\u2019H\u00f4pital g\u00e9n\u00e9ral du Lakeshore recueille 500 000$ - Lakeshore General Hospital Foundation\",\"isPartOf\":{\"@id\":\"https:\\\/\\\/fondationlakeshore.ca\\\/fr\\\/#website\"},\"primaryImageOfPage\":{\"@id\":\"https:\\\/\\\/fondationlakeshore.ca\\\/fr\\\/succes-remarquable-pour-la-17e-edition-du-bal-lakeshore-la-fondation-de-lhopital-general-du-lakeshore-recueille-500-000\\\/#primaryimage\"},\"image\":{\"@id\":\"https:\\\/\\\/fondationlakeshore.ca\\\/fr\\\/succes-remarquable-pour-la-17e-edition-du-bal-lakeshore-la-fondation-de-lhopital-general-du-lakeshore-recueille-500-000\\\/#primaryimage\"},\"thumbnailUrl\":\"https:\\\/\\\/fondationlakeshore.ca\\\/wp-content\\\/uploads\\\/2017\\\/11\\\/Bal-copresidents-999x95k.jpg\",\"datePublished\":\"2017-11-14T15:45:17+00:00\",\"dateModified\":\"2023-02-16T20:48:16+00:00\",\"breadcrumb\":{\"@id\":\"https:\\\/\\\/fondationlakeshore.ca\\\/fr\\\/succes-remarquable-pour-la-17e-edition-du-bal-lakeshore-la-fondation-de-lhopital-general-du-lakeshore-recueille-500-000\\\/#breadcrumb\"},\"inLanguage\":\"fr-FR\",\"potentialAction\":[{\"@type\":\"ReadAction\",\"target\":[\"https:\\\/\\\/fondationlakeshore.ca\\\/fr\\\/succes-remarquable-pour-la-17e-edition-du-bal-lakeshore-la-fondation-de-lhopital-general-du-lakeshore-recueille-500-000\\\/\"]}]},{\"@type\":\"ImageObject\",\"inLanguage\":\"fr-FR\",\"@id\":\"https:\\\/\\\/fondationlakeshore.ca\\\/fr\\\/succes-remarquable-pour-la-17e-edition-du-bal-lakeshore-la-fondation-de-lhopital-general-du-lakeshore-recueille-500-000\\\/#primaryimage\",\"url\":\"https:\\\/\\\/fondationlakeshore.ca\\\/wp-content\\\/uploads\\\/2017\\\/11\\\/Bal-copresidents-999x95k.jpg\",\"contentUrl\":\"https:\\\/\\\/fondationlakeshore.ca\\\/wp-content\\\/uploads\\\/2017\\\/11\\\/Bal-copresidents-999x95k.jpg\",\"width\":999,\"height\":494,\"caption\":\"2017 Lakeshore Ball committee\"},{\"@type\":\"BreadcrumbList\",\"@id\":\"https:\\\/\\\/fondationlakeshore.ca\\\/fr\\\/succes-remarquable-pour-la-17e-edition-du-bal-lakeshore-la-fondation-de-lhopital-general-du-lakeshore-recueille-500-000\\\/#breadcrumb\",\"itemListElement\":[{\"@type\":\"ListItem\",\"position\":1,\"name\":\"Home\",\"item\":\"https:\\\/\\\/fondationlakeshore.ca\\\/fr\\\/\"},{\"@type\":\"ListItem\",\"position\":2,\"name\":\"Succ\u00e8s remarquable pour la 17e \u00e9dition du Bal Lakeshore \u2013 La Fondation de l\u2019H\u00f4pital g\u00e9n\u00e9ral du Lakeshore recueille 500 000$\"}]},{\"@type\":\"WebSite\",\"@id\":\"https:\\\/\\\/fondationlakeshore.ca\\\/fr\\\/#website\",\"url\":\"https:\\\/\\\/fondationlakeshore.ca\\\/fr\\\/\",\"name\":\"Lakeshore General Hospital Foundation\",\"description\":\"Working together towards healthcare excellence\",\"publisher\":{\"@id\":\"https:\\\/\\\/fondationlakeshore.ca\\\/fr\\\/#organization\"},\"potentialAction\":[{\"@type\":\"SearchAction\",\"target\":{\"@type\":\"EntryPoint\",\"urlTemplate\":\"https:\\\/\\\/fondationlakeshore.ca\\\/fr\\\/?s={search_term_string}\"},\"query-input\":{\"@type\":\"PropertyValueSpecification\",\"valueRequired\":true,\"valueName\":\"search_term_string\"}}],\"inLanguage\":\"fr-FR\"},{\"@type\":\"Organization\",\"@id\":\"https:\\\/\\\/fondationlakeshore.ca\\\/fr\\\/#organization\",\"name\":\"Lakeshore General Hospital Foundation\",\"url\":\"https:\\\/\\\/fondationlakeshore.ca\\\/fr\\\/\",\"logo\":{\"@type\":\"ImageObject\",\"inLanguage\":\"fr-FR\",\"@id\":\"https:\\\/\\\/fondationlakeshore.ca\\\/fr\\\/#\\\/schema\\\/logo\\\/image\\\/\",\"url\":\"https:\\\/\\\/fondationlakeshore.ca\\\/wp-content\\\/uploads\\\/2022\\\/02\\\/lghf-horizontal-EN-logo-full-color-rgb.png\",\"contentUrl\":\"https:\\\/\\\/fondationlakeshore.ca\\\/wp-content\\\/uploads\\\/2022\\\/02\\\/lghf-horizontal-EN-logo-full-color-rgb.png\",\"width\":1977,\"height\":788,\"caption\":\"Lakeshore General Hospital Foundation\"},\"image\":{\"@id\":\"https:\\\/\\\/fondationlakeshore.ca\\\/fr\\\/#\\\/schema\\\/logo\\\/image\\\/\"},\"sameAs\":[\"https:\\\/\\\/www.facebook.com\\\/fondationlakeshore\",\"https:\\\/\\\/www.instagram.com\\\/fondationlakeshore\\\/\",\"https:\\\/\\\/www.linkedin.com\\\/company\\\/fondationlakeshore\\\/\"]},{\"@type\":\"Person\",\"@id\":\"https:\\\/\\\/fondationlakeshore.ca\\\/fr\\\/#\\\/schema\\\/person\\\/392d9dce00dc515e6b21582f16c8c3bd\",\"name\":\"lakeshorefond\",\"image\":{\"@type\":\"ImageObject\",\"inLanguage\":\"fr-FR\",\"@id\":\"https:\\\/\\\/secure.gravatar.com\\\/avatar\\\/8fdb7f2eb83e231df4bfab4c692f0d2de079ff7812ca8defb215b469ba325582?s=96&d=mm&r=g\",\"url\":\"https:\\\/\\\/secure.gravatar.com\\\/avatar\\\/8fdb7f2eb83e231df4bfab4c692f0d2de079ff7812ca8defb215b469ba325582?s=96&d=mm&r=g\",\"contentUrl\":\"https:\\\/\\\/secure.gravatar.com\\\/avatar\\\/8fdb7f2eb83e231df4bfab4c692f0d2de079ff7812ca8defb215b469ba325582?s=96&d=mm&r=g\",\"caption\":\"lakeshorefond\"},\"sameAs\":[\"https:\\\/\\\/fondationlakeshore.ca\"],\"url\":\"https:\\\/\\\/fondationlakeshore.ca\\\/fr\\\/author\\\/lakeshorefond\\\/\"}]}<\/script>\n<!-- \/ Yoast SEO plugin. -->","yoast_head_json":{"title":"Succ\u00e8s remarquable pour la 17e \u00e9dition du Bal Lakeshore \u2013 La Fondation de l\u2019H\u00f4pital g\u00e9n\u00e9ral du Lakeshore recueille 500 000$ - Lakeshore General Hospital Foundation","robots":{"index":"index","follow":"follow","max-snippet":"max-snippet:-1","max-image-preview":"max-image-preview:large","max-video-preview":"max-video-preview:-1"},"canonical":"https:\/\/fondationlakeshore.ca\/fr\/succes-remarquable-pour-la-17e-edition-du-bal-lakeshore-la-fondation-de-lhopital-general-du-lakeshore-recueille-500-000\/","og_locale":"fr_FR","og_type":"article","og_title":"Succ\u00e8s remarquable pour la 17e \u00e9dition du Bal Lakeshore \u2013 La Fondation de l\u2019H\u00f4pital g\u00e9n\u00e9ral du Lakeshore recueille 500 000$ - Lakeshore General Hospital Foundation","og_description":"[vc_row type=\u00a0\u00bbin_container\u00a0\u00bb full_screen_row_position=\u00a0\u00bbmiddle\u00a0\u00bb column_margin=\u00a0\u00bbdefault\u00a0\u00bb column_direction=\u00a0\u00bbdefault\u00a0\u00bb column_direction_tablet=\u00a0\u00bbdefault\u00a0\u00bb column_direction_phone=\u00a0\u00bbdefault\u00a0\u00bb scene_position=\u00a0\u00bbcenter\u00a0\u00bb text_color=\u00a0\u00bbdark\u00a0\u00bb text_align=\u00a0\u00bbleft\u00a0\u00bb row_border_radius=\u00a0\u00bbnone\u00a0\u00bb row_border_radius_applies=\u00a0\u00bbbg\u00a0\u00bb overflow=\u00a0\u00bbvisible\u00a0\u00bb overlay_strength=\u00a0\u00bb0.3&Prime; gradient_direction=\u00a0\u00bbleft_to_right\u00a0\u00bb shape_divider_position=\u00a0\u00bbbottom\u00a0\u00bb bg_image_animation=\u00a0\u00bbnone\u00a0\u00bb][vc_column column_padding=\u00a0\u00bbno-extra-padding\u00a0\u00bb column_padding_tablet=\u00a0\u00bbinherit\u00a0\u00bb column_padding_phone=\u00a0\u00bbinherit\u00a0\u00bb column_padding_position=\u00a0\u00bball\u00a0\u00bb column_element_direction_desktop=\u00a0\u00bbdefault\u00a0\u00bb column_element_spacing=\u00a0\u00bbdefault\u00a0\u00bb desktop_text_alignment=\u00a0\u00bbdefault\u00a0\u00bb tablet_text_alignment=\u00a0\u00bbdefault\u00a0\u00bb phone_text_alignment=\u00a0\u00bbdefault\u00a0\u00bb background_color_opacity=\u00a0\u00bb1&Prime; background_hover_color_opacity=\u00a0\u00bb1&Prime; column_backdrop_filter=\u00a0\u00bbnone\u00a0\u00bb column_shadow=\u00a0\u00bbnone\u00a0\u00bb...","og_url":"https:\/\/fondationlakeshore.ca\/fr\/succes-remarquable-pour-la-17e-edition-du-bal-lakeshore-la-fondation-de-lhopital-general-du-lakeshore-recueille-500-000\/","og_site_name":"Lakeshore General Hospital Foundation","article_publisher":"https:\/\/www.facebook.com\/fondationlakeshore","article_published_time":"2017-11-14T15:45:17+00:00","article_modified_time":"2023-02-16T20:48:16+00:00","og_image":[{"width":999,"height":494,"url":"https:\/\/fondationlakeshore.ca\/wp-content\/uploads\/2017\/11\/Bal-copresidents-999x95k.jpg","type":"image\/jpeg"}],"author":"lakeshorefond","twitter_card":"summary_large_image","twitter_misc":{"Written by":"lakeshorefond","Est. reading time":"4 minutes"},"schema":{"@context":"https:\/\/schema.org","@graph":[{"@type":"Article","@id":"https:\/\/fondationlakeshore.ca\/fr\/succes-remarquable-pour-la-17e-edition-du-bal-lakeshore-la-fondation-de-lhopital-general-du-lakeshore-recueille-500-000\/#article","isPartOf":{"@id":"https:\/\/fondationlakeshore.ca\/fr\/succes-remarquable-pour-la-17e-edition-du-bal-lakeshore-la-fondation-de-lhopital-general-du-lakeshore-recueille-500-000\/"},"author":{"name":"lakeshorefond","@id":"https:\/\/fondationlakeshore.ca\/fr\/#\/schema\/person\/392d9dce00dc515e6b21582f16c8c3bd"},"headline":"Succ\u00e8s remarquable pour la 17e \u00e9dition du Bal Lakeshore \u2013 La Fondation de l\u2019H\u00f4pital g\u00e9n\u00e9ral du Lakeshore recueille 500 000$","datePublished":"2017-11-14T15:45:17+00:00","dateModified":"2023-02-16T20:48:16+00:00","mainEntityOfPage":{"@id":"https:\/\/fondationlakeshore.ca\/fr\/succes-remarquable-pour-la-17e-edition-du-bal-lakeshore-la-fondation-de-lhopital-general-du-lakeshore-recueille-500-000\/"},"wordCount":882,"publisher":{"@id":"https:\/\/fondationlakeshore.ca\/fr\/#organization"},"image":{"@id":"https:\/\/fondationlakeshore.ca\/fr\/succes-remarquable-pour-la-17e-edition-du-bal-lakeshore-la-fondation-de-lhopital-general-du-lakeshore-recueille-500-000\/#primaryimage"},"thumbnailUrl":"https:\/\/fondationlakeshore.ca\/wp-content\/uploads\/2017\/11\/Bal-copresidents-999x95k.jpg","keywords":["Bal","\u00c9v\u00e8nements"],"articleSection":["Communiqu\u00e9s de presse"],"inLanguage":"fr-FR"},{"@type":"WebPage","@id":"https:\/\/fondationlakeshore.ca\/fr\/succes-remarquable-pour-la-17e-edition-du-bal-lakeshore-la-fondation-de-lhopital-general-du-lakeshore-recueille-500-000\/","url":"https:\/\/fondationlakeshore.ca\/fr\/succes-remarquable-pour-la-17e-edition-du-bal-lakeshore-la-fondation-de-lhopital-general-du-lakeshore-recueille-500-000\/","name":"Succ\u00e8s remarquable pour la 17e \u00e9dition du Bal Lakeshore \u2013 La Fondation de l\u2019H\u00f4pital g\u00e9n\u00e9ral du Lakeshore recueille 500 000$ - Lakeshore General Hospital Foundation","isPartOf":{"@id":"https:\/\/fondationlakeshore.ca\/fr\/#website"},"primaryImageOfPage":{"@id":"https:\/\/fondationlakeshore.ca\/fr\/succes-remarquable-pour-la-17e-edition-du-bal-lakeshore-la-fondation-de-lhopital-general-du-lakeshore-recueille-500-000\/#primaryimage"},"image":{"@id":"https:\/\/fondationlakeshore.ca\/fr\/succes-remarquable-pour-la-17e-edition-du-bal-lakeshore-la-fondation-de-lhopital-general-du-lakeshore-recueille-500-000\/#primaryimage"},"thumbnailUrl":"https:\/\/fondationlakeshore.ca\/wp-content\/uploads\/2017\/11\/Bal-copresidents-999x95k.jpg","datePublished":"2017-11-14T15:45:17+00:00","dateModified":"2023-02-16T20:48:16+00:00","breadcrumb":{"@id":"https:\/\/fondationlakeshore.ca\/fr\/succes-remarquable-pour-la-17e-edition-du-bal-lakeshore-la-fondation-de-lhopital-general-du-lakeshore-recueille-500-000\/#breadcrumb"},"inLanguage":"fr-FR","potentialAction":[{"@type":"ReadAction","target":["https:\/\/fondationlakeshore.ca\/fr\/succes-remarquable-pour-la-17e-edition-du-bal-lakeshore-la-fondation-de-lhopital-general-du-lakeshore-recueille-500-000\/"]}]},{"@type":"ImageObject","inLanguage":"fr-FR","@id":"https:\/\/fondationlakeshore.ca\/fr\/succes-remarquable-pour-la-17e-edition-du-bal-lakeshore-la-fondation-de-lhopital-general-du-lakeshore-recueille-500-000\/#primaryimage","url":"https:\/\/fondationlakeshore.ca\/wp-content\/uploads\/2017\/11\/Bal-copresidents-999x95k.jpg","contentUrl":"https:\/\/fondationlakeshore.ca\/wp-content\/uploads\/2017\/11\/Bal-copresidents-999x95k.jpg","width":999,"height":494,"caption":"2017 Lakeshore Ball committee"},{"@type":"BreadcrumbList","@id":"https:\/\/fondationlakeshore.ca\/fr\/succes-remarquable-pour-la-17e-edition-du-bal-lakeshore-la-fondation-de-lhopital-general-du-lakeshore-recueille-500-000\/#breadcrumb","itemListElement":[{"@type":"ListItem","position":1,"name":"Home","item":"https:\/\/fondationlakeshore.ca\/fr\/"},{"@type":"ListItem","position":2,"name":"Succ\u00e8s remarquable pour la 17e \u00e9dition du Bal Lakeshore \u2013 La Fondation de l\u2019H\u00f4pital g\u00e9n\u00e9ral du Lakeshore recueille 500 000$"}]},{"@type":"WebSite","@id":"https:\/\/fondationlakeshore.ca\/fr\/#website","url":"https:\/\/fondationlakeshore.ca\/fr\/","name":"Lakeshore General Hospital Foundation","description":"Working together towards healthcare excellence","publisher":{"@id":"https:\/\/fondationlakeshore.ca\/fr\/#organization"},"potentialAction":[{"@type":"SearchAction","target":{"@type":"EntryPoint","urlTemplate":"https:\/\/fondationlakeshore.ca\/fr\/?s={search_term_string}"},"query-input":{"@type":"PropertyValueSpecification","valueRequired":true,"valueName":"search_term_string"}}],"inLanguage":"fr-FR"},{"@type":"Organization","@id":"https:\/\/fondationlakeshore.ca\/fr\/#organization","name":"Lakeshore General Hospital Foundation","url":"https:\/\/fondationlakeshore.ca\/fr\/","logo":{"@type":"ImageObject","inLanguage":"fr-FR","@id":"https:\/\/fondationlakeshore.ca\/fr\/#\/schema\/logo\/image\/","url":"https:\/\/fondationlakeshore.ca\/wp-content\/uploads\/2022\/02\/lghf-horizontal-EN-logo-full-color-rgb.png","contentUrl":"https:\/\/fondationlakeshore.ca\/wp-content\/uploads\/2022\/02\/lghf-horizontal-EN-logo-full-color-rgb.png","width":1977,"height":788,"caption":"Lakeshore General Hospital Foundation"},"image":{"@id":"https:\/\/fondationlakeshore.ca\/fr\/#\/schema\/logo\/image\/"},"sameAs":["https:\/\/www.facebook.com\/fondationlakeshore","https:\/\/www.instagram.com\/fondationlakeshore\/","https:\/\/www.linkedin.com\/company\/fondationlakeshore\/"]},{"@type":"Person","@id":"https:\/\/fondationlakeshore.ca\/fr\/#\/schema\/person\/392d9dce00dc515e6b21582f16c8c3bd","name":"lakeshorefond","image":{"@type":"ImageObject","inLanguage":"fr-FR","@id":"https:\/\/secure.gravatar.com\/avatar\/8fdb7f2eb83e231df4bfab4c692f0d2de079ff7812ca8defb215b469ba325582?s=96&d=mm&r=g","url":"https:\/\/secure.gravatar.com\/avatar\/8fdb7f2eb83e231df4bfab4c692f0d2de079ff7812ca8defb215b469ba325582?s=96&d=mm&r=g","contentUrl":"https:\/\/secure.gravatar.com\/avatar\/8fdb7f2eb83e231df4bfab4c692f0d2de079ff7812ca8defb215b469ba325582?s=96&d=mm&r=g","caption":"lakeshorefond"},"sameAs":["https:\/\/fondationlakeshore.ca"],"url":"https:\/\/fondationlakeshore.ca\/fr\/author\/lakeshorefond\/"}]}},"_links":{"self":[{"href":"https:\/\/fondationlakeshore.ca\/fr\/wp-json\/wp\/v2\/posts\/17577","targetHints":{"allow":["GET"]}}],"collection":[{"href":"https:\/\/fondationlakeshore.ca\/fr\/wp-json\/wp\/v2\/posts"}],"about":[{"href":"https:\/\/fondationlakeshore.ca\/fr\/wp-json\/wp\/v2\/types\/post"}],"author":[{"embeddable":true,"href":"https:\/\/fondationlakeshore.ca\/fr\/wp-json\/wp\/v2\/users\/1"}],"replies":[{"embeddable":true,"href":"https:\/\/fondationlakeshore.ca\/fr\/wp-json\/wp\/v2\/comments?post=17577"}],"version-history":[{"count":0,"href":"https:\/\/fondationlakeshore.ca\/fr\/wp-json\/wp\/v2\/posts\/17577\/revisions"}],"wp:featuredmedia":[{"embeddable":true,"href":"https:\/\/fondationlakeshore.ca\/fr\/wp-json\/wp\/v2\/media\/18883"}],"wp:attachment":[{"href":"https:\/\/fondationlakeshore.ca\/fr\/wp-json\/wp\/v2\/media?parent=17577"}],"wp:term":[{"taxonomy":"category","embeddable":true,"href":"https:\/\/fondationlakeshore.ca\/fr\/wp-json\/wp\/v2\/categories?post=17577"},{"taxonomy":"post_tag","embeddable":true,"href":"https:\/\/fondationlakeshore.ca\/fr\/wp-json\/wp\/v2\/tags?post=17577"}],"curies":[{"name":"wp","href":"https:\/\/api.w.org\/{rel}","templated":true}]}}