{"id":17569,"date":"2017-01-30T16:05:49","date_gmt":"2017-01-30T16:05:49","guid":{"rendered":"https:\/\/lakeshorefond.wpengine.com\/ajout-de-quatre-chambres-aux-soins-intensifs-a-lhopital-general-du-lakeshore\/"},"modified":"2022-08-22T17:22:39","modified_gmt":"2022-08-22T17:22:39","slug":"ajout-de-quatre-chambres-aux-soins-intensifs-a-lhopital-general-du-lakeshore","status":"publish","type":"post","link":"https:\/\/fondationlakeshore.ca\/fr\/ajout-de-quatre-chambres-aux-soins-intensifs-a-lhopital-general-du-lakeshore\/","title":{"rendered":"Ajout de quatre chambres aux soins intensifs \u00e0 l\u2019H\u00f4pital g\u00e9n\u00e9ral du Lakeshore"},"content":{"rendered":"[vc_row type=\u00a0\u00bbin_container\u00a0\u00bb full_screen_row_position=\u00a0\u00bbmiddle\u00a0\u00bb column_margin=\u00a0\u00bbdefault\u00a0\u00bb column_direction=\u00a0\u00bbdefault\u00a0\u00bb column_direction_tablet=\u00a0\u00bbdefault\u00a0\u00bb column_direction_phone=\u00a0\u00bbdefault\u00a0\u00bb scene_position=\u00a0\u00bbcenter\u00a0\u00bb text_color=\u00a0\u00bbdark\u00a0\u00bb text_align=\u00a0\u00bbleft\u00a0\u00bb row_border_radius=\u00a0\u00bbnone\u00a0\u00bb row_border_radius_applies=\u00a0\u00bbbg\u00a0\u00bb overflow=\u00a0\u00bbvisible\u00a0\u00bb overlay_strength=\u00a0\u00bb0.3&Prime; gradient_direction=\u00a0\u00bbleft_to_right\u00a0\u00bb shape_divider_position=\u00a0\u00bbbottom\u00a0\u00bb bg_image_animation=\u00a0\u00bbnone\u00a0\u00bb][vc_column column_padding=\u00a0\u00bbno-extra-padding\u00a0\u00bb column_padding_tablet=\u00a0\u00bbinherit\u00a0\u00bb column_padding_phone=\u00a0\u00bbinherit\u00a0\u00bb column_padding_position=\u00a0\u00bball\u00a0\u00bb column_element_spacing=\u00a0\u00bbdefault\u00a0\u00bb background_color_opacity=\u00a0\u00bb1&Prime; background_hover_color_opacity=\u00a0\u00bb1&Prime; column_shadow=\u00a0\u00bbnone\u00a0\u00bb column_border_radius=\u00a0\u00bbnone\u00a0\u00bb column_link_target=\u00a0\u00bb_self\u00a0\u00bb column_position=\u00a0\u00bbdefault\u00a0\u00bb gradient_direction=\u00a0\u00bbleft_to_right\u00a0\u00bb overlay_strength=\u00a0\u00bb0.3&Prime; width=\u00a0\u00bb1\/1&Prime; tablet_width_inherit=\u00a0\u00bbdefault\u00a0\u00bb tablet_text_alignment=\u00a0\u00bbdefault\u00a0\u00bb phone_text_alignment=\u00a0\u00bbdefault\u00a0\u00bb animation_type=\u00a0\u00bbdefault\u00a0\u00bb bg_image_animation=\u00a0\u00bbnone\u00a0\u00bb border_type=\u00a0\u00bbsimple\u00a0\u00bb column_border_width=\u00a0\u00bbnone\u00a0\u00bb column_border_style=\u00a0\u00bbsolid\u00a0\u00bb][image_with_animation image_url=\u00a0\u00bb16489&Prime; image_size=\u00a0\u00bbfull\u00a0\u00bb animation_type=\u00a0\u00bbentrance\u00a0\u00bb animation=\u00a0\u00bbNone\u00a0\u00bb hover_animation=\u00a0\u00bbnone\u00a0\u00bb alignment=\u00a0\u00bb\u00a0\u00bb border_radius=\u00a0\u00bbnone\u00a0\u00bb box_shadow=\u00a0\u00bbnone\u00a0\u00bb image_loading=\u00a0\u00bbdefault\u00a0\u00bb max_width=\u00a0\u00bb100%\u00a0\u00bb max_width_mobile=\u00a0\u00bbdefault\u00a0\u00bb][vc_column_text]\n<p style=\"text-align: left;\"><span style=\"color: #909090;\"><strong>Pointe-Claire (Qu\u00e9bec) \u2013 Le 30 janvier 2017<\/strong> \u2013 Le <em>Centre int\u00e9gr\u00e9 universitaire de sant\u00e9 de services sociaux de l\u2019Ouest-de-l\u2019\u00cele-de-Montr\u00e9al<\/em> et la Fondation de l\u2019H\u00f4pital g\u00e9n\u00e9ral du Lakeshore ont conjointement annonc\u00e9 aujourd\u2019hui l\u2019ouverture de quatre nouvelles chambres de soins intensifs \u00e0 l\u2019H\u00f4pital g\u00e9n\u00e9ral du Lakeshore. L\u2019inauguration a eu lieu en pr\u00e9sence d\u2019\u00e9lus : monsieur Geoffrey Kelley, d\u00e9put\u00e9 de Jacques-Cartier et monsieur Carlos J. Leitao, d\u00e9put\u00e9 de Robert-Baldwin. Le nombre total des lits de soins intensifs passant de 11 \u00e0 15, ces quatre chambres permettront de traiter 270 patients de plus par ann\u00e9e.  <\/span><\/p>\n<p style=\"text-align: left;\"><span style=\"color: #909090;\"><br \/>\nCes nouvelles installations \u00e0 la fine pointe de la technologie constituent la phase 1 d\u2019un projet de reconfiguration et d\u2019int\u00e9gration de l\u2019unit\u00e9 de soins intensifs et de soins cardiaques. Ce projet est financ\u00e9 par la Fondation de l\u2019H\u00f4pital g\u00e9n\u00e9ral du Lakeshore, gr\u00e2ce \u00e0 un don de 2 millions de dollars de la Fondation familiale Trottier. Les deux phases du projet sont \u00e9valu\u00e9es \u00e0 4.9 millions de dollars, qui devront \u00eatre recueillis gr\u00e2ce \u00e0 la g\u00e9n\u00e9rosit\u00e9 de la communaut\u00e9. Le <em>minist\u00e8re de la Sant\u00e9 et des Services sociaux<\/em> octroie le budget pour couvrir les co\u00fbts op\u00e9rationnels.   <\/span><\/p>\n<p style=\"text-align: left;\"><span style=\"color: #909090;\"><br \/>\nL\u2019ajout de quatre chambres aux soins intensifs contribuera \u00e0 d\u00e9sengorger la salle d\u2019urgence en transf\u00e9rant plus rapidement des patients qui devaient demeurer \u00e0 l\u2019urgence en attente d\u2019un lit aux soins intensifs. Ce projet r\u00e9pond non seulement au volume de plus en plus \u00e9lev\u00e9 de patients \u2013 volume qui a quintupl\u00e9 depuis l\u2019ouverture de l\u2019H\u00f4pital en 1965 \u2013 mais aussi au vieillissement de la population qui a des besoins m\u00e9dicaux plus complexes. Consid\u00e9rant que 50 % des lits aux soins intensifs sont occup\u00e9s par des a\u00een\u00e9s de plus de 75 ans, le besoin d\u2019am\u00e9liorer ce secteur et les soins cardiaques dans l\u2019Ouest-de-l\u2019\u00cele \u00e9tait devenu primordial.  <\/span><\/p>\n<p style=\"text-align: left;\"><span style=\"color: #909090;\"><br \/>\nRappelons que la phase 1 comprend l\u2019ajout de quatre nouvelles chambres de soins intensifs et des \u00e9quipements de pointe essentiels \u00e0 l\u2019excellence de la qualit\u00e9 des soins offerts aux patients. La phase 2 comprendra la reconfiguration de l\u2019espace pour refl\u00e9ter les pratiques exemplaires actuelles, la consolidation des 8 lits de cardiologie au 2e \u00e9tage et la concentration de l\u2019expertise en soins vitaux en un seul espace efficace multifonctionnel.<\/span><\/p>\n<p style=\"text-align: left;\"><span style=\"color: #909090;\"><br \/>\n\u00ab Cette annonce majeure pour la population de l\u2019Ouest-de-l\u2019\u00cele repr\u00e9sente une avanc\u00e9e substantielle pour les services offerts et t\u00e9moigne du succ\u00e8s des efforts collectifs des derni\u00e8res ann\u00e9es. Gr\u00e2ce aux dons de la Famille Trottier et de la Fondation de l\u2019H\u00f4pital g\u00e9n\u00e9ral du Lakeshore, non seulement l\u2019augmentation autoris\u00e9e de la capacit\u00e9 de nos soins intensifs pourra se d\u00e9ployer \u00e0 travers quatre nouvelles chambres mais aussi l\u2019enti\u00e8ret\u00e9 des infrastructures de nos soins intensifs sera refaite pour offrir un environnement clinique parmi les mieux \u00e9quip\u00e9s au Qu\u00e9bec. Je remercie chaleureusement les nombreuses personnes impliqu\u00e9es dans cet accomplissement significatif, \u00bb souligne le pr\u00e9sident-directeur g\u00e9n\u00e9ral, M. Benoit Morin.<\/span><\/p>\n<p style=\"text-align: left;\"><span style=\"color: #909090;\"><br \/>\n\u00ab Nous sommes enthousiastes \u00e0 l\u2019id\u00e9e que notre mission nous permette de contribuer \u00e0 sauver 270 vies suppl\u00e9mentaires par ann\u00e9e gr\u00e2ce aux quatre nouvelles chambres, \u00bb signale Heather Holmes, directrice g\u00e9n\u00e9rale de la Fondation. \u00ab Nous sommes particuli\u00e8rement reconnaissants \u00e0 la Fondation familiale Trottier, qui nous a fait confiance en injectant ce don important dans ce projet. Il reste cependant encore beaucoup de travail \u00e0 accomplir pour compl\u00e9ter le financement de la phase 2 du projet. Je tiens d\u2019ailleurs \u00e0 remercier 40 Westt et la Communaut\u00e9 musulmane de l\u2019Ouest-de-l\u2019\u00cele pour leur apport, \u00bb ajoute Mme Holmes. <\/span><\/p>\n<p style=\"text-align: left;\"><span style=\"color: #909090;\"><br \/>\n\u00ab La Fondation familiale Trottier est heureuse de contribuer au rehaussement des services hospitaliers au b\u00e9n\u00e9fice de la collectivit\u00e9. Ce projet est d\u2019autant plus important pour les gens de l\u2019Ouest-de-l\u2019\u00cele, car il permet de diminuer le nombre de voyages par ambulance et de transferts hospitaliers vers le centre-ville, et peut sauver de pr\u00e9cieuses minutes lors de situations critiques de vie ou de mort, \u00bb pr\u00e9cise Mme Louise Rousselle Trottier.<\/span><\/p>\n<p style=\"text-align: left;\"><span style=\"color: #909090;\"><strong><br \/>\n\u00c0 propos de la Fondation de l\u2019H\u00f4pital g\u00e9n\u00e9ral du Lakeshore<\/strong><\/span><br \/>\n<span style=\"color: #909090;\"> Fond\u00e9e en 1964, la Fondation a pour objectif de recueillir les fonds n\u00e9cessaires \u00e0 l\u2019am\u00e9lioration des soins \u00e0 l\u2019H\u00f4pital g\u00e9n\u00e9ral du Lakeshore. Elle contribue ainsi \u00e0 l\u2019acquisition d\u2019\u00e9quipement m\u00e9dical de pointe, aux r\u00e9novations majeures des structures hospitali\u00e8res et aux programmes et formations sp\u00e9cialis\u00e9s pour le personnel, et ce, pour les initiatives non financ\u00e9es par le gouvernement. <\/span><\/p>\n<p style=\"text-align: left;\"><span style=\"color: #909090;\"><strong><br \/>\n\u00c0 propos du <em>CIUSSS de l\u2019Ouest-de-l\u2019\u00cele-de-Montr\u00e9al<br \/>\n<\/em><\/strong>Le CIUSSS de l\u2019Ouest-de-l\u2019\u00cele-de-Montr\u00e9al est issu du regroupement du CSSS de l\u2019Ouest-de-l\u2019\u00cele, du CSSS de Dorval-Lachine-LaSalle, du Centre hospitalier de St. Mary, de l\u2019Institut universitaire en sant\u00e9 mentale Douglas, du Centre de r\u00e9adaptation de l\u2019Ouest de Montr\u00e9al, du Centre de soins prolong\u00e9s Grace Dart, des Centres de la jeunesse et de la famille Batshaw et de l\u2019H\u00f4pital Saint-Anne. Plus de 10 000 employ\u00e9s et 750 m\u00e9decins y \u0153uvrent.  <\/span><\/p>\n[\/vc_column_text][\/vc_column][\/vc_row]\n","protected":false},"excerpt":{"rendered":"<p>[vc_row type=\u00a0\u00bbin_container\u00a0\u00bb full_screen_row_position=\u00a0\u00bbmiddle\u00a0\u00bb column_margin=\u00a0\u00bbdefault\u00a0\u00bb column_direction=\u00a0\u00bbdefault\u00a0\u00bb column_direction_tablet=\u00a0\u00bbdefault\u00a0\u00bb column_direction_phone=\u00a0\u00bbdefault\u00a0\u00bb scene_position=\u00a0\u00bbcenter\u00a0\u00bb text_color=\u00a0\u00bbdark\u00a0\u00bb text_align=\u00a0\u00bbleft\u00a0\u00bb row_border_radius=\u00a0\u00bbnone\u00a0\u00bb row_border_radius_applies=\u00a0\u00bbbg\u00a0\u00bb overflow=\u00a0\u00bbvisible\u00a0\u00bb overlay_strength=\u00a0\u00bb0.3&Prime; gradient_direction=\u00a0\u00bbleft_to_right\u00a0\u00bb shape_divider_position=\u00a0\u00bbbottom\u00a0\u00bb bg_image_animation=\u00a0\u00bbnone\u00a0\u00bb][vc_column column_padding=\u00a0\u00bbno-extra-padding\u00a0\u00bb column_padding_tablet=\u00a0\u00bbinherit\u00a0\u00bb column_padding_phone=\u00a0\u00bbinherit\u00a0\u00bb column_padding_position=\u00a0\u00bball\u00a0\u00bb column_element_spacing=\u00a0\u00bbdefault\u00a0\u00bb background_color_opacity=\u00a0\u00bb1&Prime; background_hover_color_opacity=\u00a0\u00bb1&Prime; column_shadow=\u00a0\u00bbnone\u00a0\u00bb column_border_radius=\u00a0\u00bbnone\u00a0\u00bb column_link_target=\u00a0\u00bb_self\u00a0\u00bb column_position=\u00a0\u00bbdefault\u00a0\u00bb gradient_direction=\u00a0\u00bbleft_to_right\u00a0\u00bb overlay_strength=\u00a0\u00bb0.3&Prime;&#8230;<\/p>\n","protected":false},"author":1,"featured_media":17249,"comment_status":"closed","ping_status":"open","sticky":false,"template":"","format":"standard","meta":{"footnotes":""},"categories":[33],"tags":[],"class_list":{"0":"post-17569","1":"post","2":"type-post","3":"status-publish","4":"format-standard","5":"has-post-thumbnail","7":"category-communiques-de-presse"},"yoast_head":"<!-- This site is optimized with the Yoast SEO plugin v27.4 - https:\/\/yoast.com\/product\/yoast-seo-wordpress\/ -->\n<title>Ajout de quatre chambres aux soins intensifs \u00e0 l\u2019H\u00f4pital g\u00e9n\u00e9ral du Lakeshore - Lakeshore General Hospital Foundation<\/title>\n<meta name=\"robots\" content=\"index, follow, max-snippet:-1, max-image-preview:large, max-video-preview:-1\" \/>\n<link rel=\"canonical\" href=\"https:\/\/fondationlakeshore.ca\/fr\/ajout-de-quatre-chambres-aux-soins-intensifs-a-lhopital-general-du-lakeshore\/\" \/>\n<meta property=\"og:locale\" content=\"fr_FR\" \/>\n<meta property=\"og:type\" content=\"article\" \/>\n<meta property=\"og:title\" content=\"Ajout de quatre chambres aux soins intensifs \u00e0 l\u2019H\u00f4pital g\u00e9n\u00e9ral du Lakeshore - Lakeshore General Hospital Foundation\" \/>\n<meta property=\"og:description\" content=\"[vc_row type=\u00a0\u00bbin_container\u00a0\u00bb full_screen_row_position=\u00a0\u00bbmiddle\u00a0\u00bb column_margin=\u00a0\u00bbdefault\u00a0\u00bb column_direction=\u00a0\u00bbdefault\u00a0\u00bb column_direction_tablet=\u00a0\u00bbdefault\u00a0\u00bb column_direction_phone=\u00a0\u00bbdefault\u00a0\u00bb scene_position=\u00a0\u00bbcenter\u00a0\u00bb text_color=\u00a0\u00bbdark\u00a0\u00bb text_align=\u00a0\u00bbleft\u00a0\u00bb row_border_radius=\u00a0\u00bbnone\u00a0\u00bb row_border_radius_applies=\u00a0\u00bbbg\u00a0\u00bb overflow=\u00a0\u00bbvisible\u00a0\u00bb overlay_strength=\u00a0\u00bb0.3&Prime; gradient_direction=\u00a0\u00bbleft_to_right\u00a0\u00bb shape_divider_position=\u00a0\u00bbbottom\u00a0\u00bb bg_image_animation=\u00a0\u00bbnone\u00a0\u00bb][vc_column column_padding=\u00a0\u00bbno-extra-padding\u00a0\u00bb column_padding_tablet=\u00a0\u00bbinherit\u00a0\u00bb column_padding_phone=\u00a0\u00bbinherit\u00a0\u00bb column_padding_position=\u00a0\u00bball\u00a0\u00bb column_element_spacing=\u00a0\u00bbdefault\u00a0\u00bb background_color_opacity=\u00a0\u00bb1&Prime; background_hover_color_opacity=\u00a0\u00bb1&Prime; column_shadow=\u00a0\u00bbnone\u00a0\u00bb column_border_radius=\u00a0\u00bbnone\u00a0\u00bb column_link_target=\u00a0\u00bb_self\u00a0\u00bb column_position=\u00a0\u00bbdefault\u00a0\u00bb gradient_direction=\u00a0\u00bbleft_to_right\u00a0\u00bb overlay_strength=\u00a0\u00bb0.3&Prime;...\" \/>\n<meta property=\"og:url\" content=\"https:\/\/fondationlakeshore.ca\/fr\/ajout-de-quatre-chambres-aux-soins-intensifs-a-lhopital-general-du-lakeshore\/\" \/>\n<meta property=\"og:site_name\" content=\"Lakeshore General Hospital Foundation\" \/>\n<meta property=\"article:publisher\" content=\"https:\/\/www.facebook.com\/fondationlakeshore\" \/>\n<meta property=\"article:published_time\" content=\"2017-01-30T16:05:49+00:00\" \/>\n<meta property=\"article:modified_time\" content=\"2022-08-22T17:22:39+00:00\" \/>\n<meta property=\"og:image\" content=\"https:\/\/fondationlakeshore.ca\/wp-content\/uploads\/2017\/01\/Inauguration.jpg\" \/>\n\t<meta property=\"og:image:width\" content=\"1000\" \/>\n\t<meta property=\"og:image:height\" content=\"377\" \/>\n\t<meta property=\"og:image:type\" content=\"image\/jpeg\" \/>\n<meta name=\"author\" content=\"lakeshorefond\" \/>\n<meta name=\"twitter:card\" content=\"summary_large_image\" \/>\n<meta name=\"twitter:label1\" content=\"Written by\" \/>\n\t<meta name=\"twitter:data1\" content=\"lakeshorefond\" \/>\n\t<meta name=\"twitter:label2\" content=\"Est. reading time\" \/>\n\t<meta name=\"twitter:data2\" content=\"5 minutes\" \/>\n<script type=\"application\/ld+json\" class=\"yoast-schema-graph\">{\"@context\":\"https:\\\/\\\/schema.org\",\"@graph\":[{\"@type\":\"Article\",\"@id\":\"https:\\\/\\\/fondationlakeshore.ca\\\/fr\\\/ajout-de-quatre-chambres-aux-soins-intensifs-a-lhopital-general-du-lakeshore\\\/#article\",\"isPartOf\":{\"@id\":\"https:\\\/\\\/fondationlakeshore.ca\\\/fr\\\/ajout-de-quatre-chambres-aux-soins-intensifs-a-lhopital-general-du-lakeshore\\\/\"},\"author\":{\"name\":\"lakeshorefond\",\"@id\":\"https:\\\/\\\/fondationlakeshore.ca\\\/fr\\\/#\\\/schema\\\/person\\\/392d9dce00dc515e6b21582f16c8c3bd\"},\"headline\":\"Ajout de quatre chambres aux soins intensifs \u00e0 l\u2019H\u00f4pital g\u00e9n\u00e9ral du Lakeshore\",\"datePublished\":\"2017-01-30T16:05:49+00:00\",\"dateModified\":\"2022-08-22T17:22:39+00:00\",\"mainEntityOfPage\":{\"@id\":\"https:\\\/\\\/fondationlakeshore.ca\\\/fr\\\/ajout-de-quatre-chambres-aux-soins-intensifs-a-lhopital-general-du-lakeshore\\\/\"},\"wordCount\":1048,\"publisher\":{\"@id\":\"https:\\\/\\\/fondationlakeshore.ca\\\/fr\\\/#organization\"},\"image\":{\"@id\":\"https:\\\/\\\/fondationlakeshore.ca\\\/fr\\\/ajout-de-quatre-chambres-aux-soins-intensifs-a-lhopital-general-du-lakeshore\\\/#primaryimage\"},\"thumbnailUrl\":\"https:\\\/\\\/fondationlakeshore.ca\\\/wp-content\\\/uploads\\\/2017\\\/01\\\/Inauguration.jpg\",\"articleSection\":[\"Communiqu\u00e9s de presse\"],\"inLanguage\":\"fr-FR\"},{\"@type\":\"WebPage\",\"@id\":\"https:\\\/\\\/fondationlakeshore.ca\\\/fr\\\/ajout-de-quatre-chambres-aux-soins-intensifs-a-lhopital-general-du-lakeshore\\\/\",\"url\":\"https:\\\/\\\/fondationlakeshore.ca\\\/fr\\\/ajout-de-quatre-chambres-aux-soins-intensifs-a-lhopital-general-du-lakeshore\\\/\",\"name\":\"Ajout de quatre chambres aux soins intensifs \u00e0 l\u2019H\u00f4pital g\u00e9n\u00e9ral du Lakeshore - Lakeshore General Hospital Foundation\",\"isPartOf\":{\"@id\":\"https:\\\/\\\/fondationlakeshore.ca\\\/fr\\\/#website\"},\"primaryImageOfPage\":{\"@id\":\"https:\\\/\\\/fondationlakeshore.ca\\\/fr\\\/ajout-de-quatre-chambres-aux-soins-intensifs-a-lhopital-general-du-lakeshore\\\/#primaryimage\"},\"image\":{\"@id\":\"https:\\\/\\\/fondationlakeshore.ca\\\/fr\\\/ajout-de-quatre-chambres-aux-soins-intensifs-a-lhopital-general-du-lakeshore\\\/#primaryimage\"},\"thumbnailUrl\":\"https:\\\/\\\/fondationlakeshore.ca\\\/wp-content\\\/uploads\\\/2017\\\/01\\\/Inauguration.jpg\",\"datePublished\":\"2017-01-30T16:05:49+00:00\",\"dateModified\":\"2022-08-22T17:22:39+00:00\",\"breadcrumb\":{\"@id\":\"https:\\\/\\\/fondationlakeshore.ca\\\/fr\\\/ajout-de-quatre-chambres-aux-soins-intensifs-a-lhopital-general-du-lakeshore\\\/#breadcrumb\"},\"inLanguage\":\"fr-FR\",\"potentialAction\":[{\"@type\":\"ReadAction\",\"target\":[\"https:\\\/\\\/fondationlakeshore.ca\\\/fr\\\/ajout-de-quatre-chambres-aux-soins-intensifs-a-lhopital-general-du-lakeshore\\\/\"]}]},{\"@type\":\"ImageObject\",\"inLanguage\":\"fr-FR\",\"@id\":\"https:\\\/\\\/fondationlakeshore.ca\\\/fr\\\/ajout-de-quatre-chambres-aux-soins-intensifs-a-lhopital-general-du-lakeshore\\\/#primaryimage\",\"url\":\"https:\\\/\\\/fondationlakeshore.ca\\\/wp-content\\\/uploads\\\/2017\\\/01\\\/Inauguration.jpg\",\"contentUrl\":\"https:\\\/\\\/fondationlakeshore.ca\\\/wp-content\\\/uploads\\\/2017\\\/01\\\/Inauguration.jpg\",\"width\":1000,\"height\":377,\"caption\":\"ICU expansion inauguration 201\"},{\"@type\":\"BreadcrumbList\",\"@id\":\"https:\\\/\\\/fondationlakeshore.ca\\\/fr\\\/ajout-de-quatre-chambres-aux-soins-intensifs-a-lhopital-general-du-lakeshore\\\/#breadcrumb\",\"itemListElement\":[{\"@type\":\"ListItem\",\"position\":1,\"name\":\"Home\",\"item\":\"https:\\\/\\\/fondationlakeshore.ca\\\/fr\\\/\"},{\"@type\":\"ListItem\",\"position\":2,\"name\":\"Ajout de quatre chambres aux soins intensifs \u00e0 l\u2019H\u00f4pital g\u00e9n\u00e9ral du Lakeshore\"}]},{\"@type\":\"WebSite\",\"@id\":\"https:\\\/\\\/fondationlakeshore.ca\\\/fr\\\/#website\",\"url\":\"https:\\\/\\\/fondationlakeshore.ca\\\/fr\\\/\",\"name\":\"Lakeshore General Hospital Foundation\",\"description\":\"Working together towards healthcare excellence\",\"publisher\":{\"@id\":\"https:\\\/\\\/fondationlakeshore.ca\\\/fr\\\/#organization\"},\"potentialAction\":[{\"@type\":\"SearchAction\",\"target\":{\"@type\":\"EntryPoint\",\"urlTemplate\":\"https:\\\/\\\/fondationlakeshore.ca\\\/fr\\\/?s={search_term_string}\"},\"query-input\":{\"@type\":\"PropertyValueSpecification\",\"valueRequired\":true,\"valueName\":\"search_term_string\"}}],\"inLanguage\":\"fr-FR\"},{\"@type\":\"Organization\",\"@id\":\"https:\\\/\\\/fondationlakeshore.ca\\\/fr\\\/#organization\",\"name\":\"Lakeshore General Hospital Foundation\",\"url\":\"https:\\\/\\\/fondationlakeshore.ca\\\/fr\\\/\",\"logo\":{\"@type\":\"ImageObject\",\"inLanguage\":\"fr-FR\",\"@id\":\"https:\\\/\\\/fondationlakeshore.ca\\\/fr\\\/#\\\/schema\\\/logo\\\/image\\\/\",\"url\":\"https:\\\/\\\/fondationlakeshore.ca\\\/wp-content\\\/uploads\\\/2022\\\/02\\\/lghf-horizontal-EN-logo-full-color-rgb.png\",\"contentUrl\":\"https:\\\/\\\/fondationlakeshore.ca\\\/wp-content\\\/uploads\\\/2022\\\/02\\\/lghf-horizontal-EN-logo-full-color-rgb.png\",\"width\":1977,\"height\":788,\"caption\":\"Lakeshore General Hospital Foundation\"},\"image\":{\"@id\":\"https:\\\/\\\/fondationlakeshore.ca\\\/fr\\\/#\\\/schema\\\/logo\\\/image\\\/\"},\"sameAs\":[\"https:\\\/\\\/www.facebook.com\\\/fondationlakeshore\",\"https:\\\/\\\/www.instagram.com\\\/fondationlakeshore\\\/\",\"https:\\\/\\\/www.linkedin.com\\\/company\\\/fondationlakeshore\\\/\"]},{\"@type\":\"Person\",\"@id\":\"https:\\\/\\\/fondationlakeshore.ca\\\/fr\\\/#\\\/schema\\\/person\\\/392d9dce00dc515e6b21582f16c8c3bd\",\"name\":\"lakeshorefond\",\"image\":{\"@type\":\"ImageObject\",\"inLanguage\":\"fr-FR\",\"@id\":\"https:\\\/\\\/secure.gravatar.com\\\/avatar\\\/8fdb7f2eb83e231df4bfab4c692f0d2de079ff7812ca8defb215b469ba325582?s=96&d=mm&r=g\",\"url\":\"https:\\\/\\\/secure.gravatar.com\\\/avatar\\\/8fdb7f2eb83e231df4bfab4c692f0d2de079ff7812ca8defb215b469ba325582?s=96&d=mm&r=g\",\"contentUrl\":\"https:\\\/\\\/secure.gravatar.com\\\/avatar\\\/8fdb7f2eb83e231df4bfab4c692f0d2de079ff7812ca8defb215b469ba325582?s=96&d=mm&r=g\",\"caption\":\"lakeshorefond\"},\"sameAs\":[\"https:\\\/\\\/fondationlakeshore.ca\"],\"url\":\"https:\\\/\\\/fondationlakeshore.ca\\\/fr\\\/author\\\/lakeshorefond\\\/\"}]}<\/script>\n<!-- \/ Yoast SEO plugin. -->","yoast_head_json":{"title":"Ajout de quatre chambres aux soins intensifs \u00e0 l\u2019H\u00f4pital g\u00e9n\u00e9ral du Lakeshore - Lakeshore General Hospital Foundation","robots":{"index":"index","follow":"follow","max-snippet":"max-snippet:-1","max-image-preview":"max-image-preview:large","max-video-preview":"max-video-preview:-1"},"canonical":"https:\/\/fondationlakeshore.ca\/fr\/ajout-de-quatre-chambres-aux-soins-intensifs-a-lhopital-general-du-lakeshore\/","og_locale":"fr_FR","og_type":"article","og_title":"Ajout de quatre chambres aux soins intensifs \u00e0 l\u2019H\u00f4pital g\u00e9n\u00e9ral du Lakeshore - Lakeshore General Hospital Foundation","og_description":"[vc_row type=\u00a0\u00bbin_container\u00a0\u00bb full_screen_row_position=\u00a0\u00bbmiddle\u00a0\u00bb column_margin=\u00a0\u00bbdefault\u00a0\u00bb column_direction=\u00a0\u00bbdefault\u00a0\u00bb column_direction_tablet=\u00a0\u00bbdefault\u00a0\u00bb column_direction_phone=\u00a0\u00bbdefault\u00a0\u00bb scene_position=\u00a0\u00bbcenter\u00a0\u00bb text_color=\u00a0\u00bbdark\u00a0\u00bb text_align=\u00a0\u00bbleft\u00a0\u00bb row_border_radius=\u00a0\u00bbnone\u00a0\u00bb row_border_radius_applies=\u00a0\u00bbbg\u00a0\u00bb overflow=\u00a0\u00bbvisible\u00a0\u00bb overlay_strength=\u00a0\u00bb0.3&Prime; gradient_direction=\u00a0\u00bbleft_to_right\u00a0\u00bb shape_divider_position=\u00a0\u00bbbottom\u00a0\u00bb bg_image_animation=\u00a0\u00bbnone\u00a0\u00bb][vc_column column_padding=\u00a0\u00bbno-extra-padding\u00a0\u00bb column_padding_tablet=\u00a0\u00bbinherit\u00a0\u00bb column_padding_phone=\u00a0\u00bbinherit\u00a0\u00bb column_padding_position=\u00a0\u00bball\u00a0\u00bb column_element_spacing=\u00a0\u00bbdefault\u00a0\u00bb background_color_opacity=\u00a0\u00bb1&Prime; background_hover_color_opacity=\u00a0\u00bb1&Prime; column_shadow=\u00a0\u00bbnone\u00a0\u00bb column_border_radius=\u00a0\u00bbnone\u00a0\u00bb column_link_target=\u00a0\u00bb_self\u00a0\u00bb column_position=\u00a0\u00bbdefault\u00a0\u00bb gradient_direction=\u00a0\u00bbleft_to_right\u00a0\u00bb overlay_strength=\u00a0\u00bb0.3&Prime;...","og_url":"https:\/\/fondationlakeshore.ca\/fr\/ajout-de-quatre-chambres-aux-soins-intensifs-a-lhopital-general-du-lakeshore\/","og_site_name":"Lakeshore General Hospital Foundation","article_publisher":"https:\/\/www.facebook.com\/fondationlakeshore","article_published_time":"2017-01-30T16:05:49+00:00","article_modified_time":"2022-08-22T17:22:39+00:00","og_image":[{"width":1000,"height":377,"url":"https:\/\/fondationlakeshore.ca\/wp-content\/uploads\/2017\/01\/Inauguration.jpg","type":"image\/jpeg"}],"author":"lakeshorefond","twitter_card":"summary_large_image","twitter_misc":{"Written by":"lakeshorefond","Est. reading time":"5 minutes"},"schema":{"@context":"https:\/\/schema.org","@graph":[{"@type":"Article","@id":"https:\/\/fondationlakeshore.ca\/fr\/ajout-de-quatre-chambres-aux-soins-intensifs-a-lhopital-general-du-lakeshore\/#article","isPartOf":{"@id":"https:\/\/fondationlakeshore.ca\/fr\/ajout-de-quatre-chambres-aux-soins-intensifs-a-lhopital-general-du-lakeshore\/"},"author":{"name":"lakeshorefond","@id":"https:\/\/fondationlakeshore.ca\/fr\/#\/schema\/person\/392d9dce00dc515e6b21582f16c8c3bd"},"headline":"Ajout de quatre chambres aux soins intensifs \u00e0 l\u2019H\u00f4pital g\u00e9n\u00e9ral du Lakeshore","datePublished":"2017-01-30T16:05:49+00:00","dateModified":"2022-08-22T17:22:39+00:00","mainEntityOfPage":{"@id":"https:\/\/fondationlakeshore.ca\/fr\/ajout-de-quatre-chambres-aux-soins-intensifs-a-lhopital-general-du-lakeshore\/"},"wordCount":1048,"publisher":{"@id":"https:\/\/fondationlakeshore.ca\/fr\/#organization"},"image":{"@id":"https:\/\/fondationlakeshore.ca\/fr\/ajout-de-quatre-chambres-aux-soins-intensifs-a-lhopital-general-du-lakeshore\/#primaryimage"},"thumbnailUrl":"https:\/\/fondationlakeshore.ca\/wp-content\/uploads\/2017\/01\/Inauguration.jpg","articleSection":["Communiqu\u00e9s de presse"],"inLanguage":"fr-FR"},{"@type":"WebPage","@id":"https:\/\/fondationlakeshore.ca\/fr\/ajout-de-quatre-chambres-aux-soins-intensifs-a-lhopital-general-du-lakeshore\/","url":"https:\/\/fondationlakeshore.ca\/fr\/ajout-de-quatre-chambres-aux-soins-intensifs-a-lhopital-general-du-lakeshore\/","name":"Ajout de quatre chambres aux soins intensifs \u00e0 l\u2019H\u00f4pital g\u00e9n\u00e9ral du Lakeshore - Lakeshore General Hospital Foundation","isPartOf":{"@id":"https:\/\/fondationlakeshore.ca\/fr\/#website"},"primaryImageOfPage":{"@id":"https:\/\/fondationlakeshore.ca\/fr\/ajout-de-quatre-chambres-aux-soins-intensifs-a-lhopital-general-du-lakeshore\/#primaryimage"},"image":{"@id":"https:\/\/fondationlakeshore.ca\/fr\/ajout-de-quatre-chambres-aux-soins-intensifs-a-lhopital-general-du-lakeshore\/#primaryimage"},"thumbnailUrl":"https:\/\/fondationlakeshore.ca\/wp-content\/uploads\/2017\/01\/Inauguration.jpg","datePublished":"2017-01-30T16:05:49+00:00","dateModified":"2022-08-22T17:22:39+00:00","breadcrumb":{"@id":"https:\/\/fondationlakeshore.ca\/fr\/ajout-de-quatre-chambres-aux-soins-intensifs-a-lhopital-general-du-lakeshore\/#breadcrumb"},"inLanguage":"fr-FR","potentialAction":[{"@type":"ReadAction","target":["https:\/\/fondationlakeshore.ca\/fr\/ajout-de-quatre-chambres-aux-soins-intensifs-a-lhopital-general-du-lakeshore\/"]}]},{"@type":"ImageObject","inLanguage":"fr-FR","@id":"https:\/\/fondationlakeshore.ca\/fr\/ajout-de-quatre-chambres-aux-soins-intensifs-a-lhopital-general-du-lakeshore\/#primaryimage","url":"https:\/\/fondationlakeshore.ca\/wp-content\/uploads\/2017\/01\/Inauguration.jpg","contentUrl":"https:\/\/fondationlakeshore.ca\/wp-content\/uploads\/2017\/01\/Inauguration.jpg","width":1000,"height":377,"caption":"ICU expansion inauguration 201"},{"@type":"BreadcrumbList","@id":"https:\/\/fondationlakeshore.ca\/fr\/ajout-de-quatre-chambres-aux-soins-intensifs-a-lhopital-general-du-lakeshore\/#breadcrumb","itemListElement":[{"@type":"ListItem","position":1,"name":"Home","item":"https:\/\/fondationlakeshore.ca\/fr\/"},{"@type":"ListItem","position":2,"name":"Ajout de quatre chambres aux soins intensifs \u00e0 l\u2019H\u00f4pital g\u00e9n\u00e9ral du Lakeshore"}]},{"@type":"WebSite","@id":"https:\/\/fondationlakeshore.ca\/fr\/#website","url":"https:\/\/fondationlakeshore.ca\/fr\/","name":"Lakeshore General Hospital Foundation","description":"Working together towards healthcare excellence","publisher":{"@id":"https:\/\/fondationlakeshore.ca\/fr\/#organization"},"potentialAction":[{"@type":"SearchAction","target":{"@type":"EntryPoint","urlTemplate":"https:\/\/fondationlakeshore.ca\/fr\/?s={search_term_string}"},"query-input":{"@type":"PropertyValueSpecification","valueRequired":true,"valueName":"search_term_string"}}],"inLanguage":"fr-FR"},{"@type":"Organization","@id":"https:\/\/fondationlakeshore.ca\/fr\/#organization","name":"Lakeshore General Hospital Foundation","url":"https:\/\/fondationlakeshore.ca\/fr\/","logo":{"@type":"ImageObject","inLanguage":"fr-FR","@id":"https:\/\/fondationlakeshore.ca\/fr\/#\/schema\/logo\/image\/","url":"https:\/\/fondationlakeshore.ca\/wp-content\/uploads\/2022\/02\/lghf-horizontal-EN-logo-full-color-rgb.png","contentUrl":"https:\/\/fondationlakeshore.ca\/wp-content\/uploads\/2022\/02\/lghf-horizontal-EN-logo-full-color-rgb.png","width":1977,"height":788,"caption":"Lakeshore General Hospital Foundation"},"image":{"@id":"https:\/\/fondationlakeshore.ca\/fr\/#\/schema\/logo\/image\/"},"sameAs":["https:\/\/www.facebook.com\/fondationlakeshore","https:\/\/www.instagram.com\/fondationlakeshore\/","https:\/\/www.linkedin.com\/company\/fondationlakeshore\/"]},{"@type":"Person","@id":"https:\/\/fondationlakeshore.ca\/fr\/#\/schema\/person\/392d9dce00dc515e6b21582f16c8c3bd","name":"lakeshorefond","image":{"@type":"ImageObject","inLanguage":"fr-FR","@id":"https:\/\/secure.gravatar.com\/avatar\/8fdb7f2eb83e231df4bfab4c692f0d2de079ff7812ca8defb215b469ba325582?s=96&d=mm&r=g","url":"https:\/\/secure.gravatar.com\/avatar\/8fdb7f2eb83e231df4bfab4c692f0d2de079ff7812ca8defb215b469ba325582?s=96&d=mm&r=g","contentUrl":"https:\/\/secure.gravatar.com\/avatar\/8fdb7f2eb83e231df4bfab4c692f0d2de079ff7812ca8defb215b469ba325582?s=96&d=mm&r=g","caption":"lakeshorefond"},"sameAs":["https:\/\/fondationlakeshore.ca"],"url":"https:\/\/fondationlakeshore.ca\/fr\/author\/lakeshorefond\/"}]}},"_links":{"self":[{"href":"https:\/\/fondationlakeshore.ca\/fr\/wp-json\/wp\/v2\/posts\/17569","targetHints":{"allow":["GET"]}}],"collection":[{"href":"https:\/\/fondationlakeshore.ca\/fr\/wp-json\/wp\/v2\/posts"}],"about":[{"href":"https:\/\/fondationlakeshore.ca\/fr\/wp-json\/wp\/v2\/types\/post"}],"author":[{"embeddable":true,"href":"https:\/\/fondationlakeshore.ca\/fr\/wp-json\/wp\/v2\/users\/1"}],"replies":[{"embeddable":true,"href":"https:\/\/fondationlakeshore.ca\/fr\/wp-json\/wp\/v2\/comments?post=17569"}],"version-history":[{"count":0,"href":"https:\/\/fondationlakeshore.ca\/fr\/wp-json\/wp\/v2\/posts\/17569\/revisions"}],"wp:featuredmedia":[{"embeddable":true,"href":"https:\/\/fondationlakeshore.ca\/fr\/wp-json\/wp\/v2\/media\/17249"}],"wp:attachment":[{"href":"https:\/\/fondationlakeshore.ca\/fr\/wp-json\/wp\/v2\/media?parent=17569"}],"wp:term":[{"taxonomy":"category","embeddable":true,"href":"https:\/\/fondationlakeshore.ca\/fr\/wp-json\/wp\/v2\/categories?post=17569"},{"taxonomy":"post_tag","embeddable":true,"href":"https:\/\/fondationlakeshore.ca\/fr\/wp-json\/wp\/v2\/tags?post=17569"}],"curies":[{"name":"wp","href":"https:\/\/api.w.org\/{rel}","templated":true}]}}